{"id":1427,"date":"2022-01-25T06:51:59","date_gmt":"2022-01-25T06:51:59","guid":{"rendered":"https:\/\/optikapolgar.hu\/?p=1427"},"modified":"2025-02-04T10:55:48","modified_gmt":"2025-02-04T09:55:48","slug":"miert-nincs-webshopom","status":"publish","type":"post","link":"https:\/\/optikapolgar.hu\/en\/miert-nincs-webshopom\/","title":{"rendered":"Why don\u2019t I have an online shop?"},"content":{"rendered":"<p>P\u00e1rszor feltett\u00e9k Nekem ezt a k\u00e9rd\u00e9st.<br><br>Azt gondolom, hogy egy szem\u00fcveget nem lehet k\u00e9p alapj\u00e1n j\u00f3l kiv\u00e1lasztani. M\u00e9g ha tiszt\u00e1ban is vagyunk azzal, milyen m\u00e9ret\u0171 keret illik r\u00e1nk a kor\u00e1bbi szem\u00fcvegeinket figyelembe v\u00e9ve, akkor sem tuti biztos a v\u00e9geredm\u00e9ny. T\u00f6bb dolgot is figyelembe kell venni. Vegy\u00fck el\u0151sz\u00f6r a \u201emegl\u00e1tni \u00e9s megszeretni\u201d \u00e9lm\u00e9nyt: tetszik a k\u00e9pen, tetszik m\u00e1s arc\u00e1n, ilyen Nekem is kell. Megrendeled, meg\u00e9rkezik, felpr\u00f3b\u00e1lod, \u00e9s nem tetszik az arcodon, nem t\u00fckr\u00f6zi a szem\u00e9lyis\u00e9gedet, nem a Te st\u00edlusod.<br><br>Azt\u00e1n j\u00f6n a m\u00e9retprobl\u00e9ma: nem el\u00e9g sz\u00e9les, vagy t\u00fal sz\u00e9les, kitakarja a szem\u00f6ld\u00f6k\u00f6d, nem illeszkedik az orrodon, nem el\u00e9g hossz\u00fa a sz\u00e1ra.<br><br>Vannak webshopok, ahova az arcod fot\u00f3j\u00e1t is fel tudod t\u00f6lteni, \u00e9s arra illeszti r\u00e1 a program a keretet, de ez sem ad j\u00f3 v\u00e9geredm\u00e9nyt a fent eml\u00edtett m\u00e9retprobl\u00e9m\u00e1k miatt, nem veszi figyelembe a Te egy\u00e9ni param\u00e9tereidet (pl. ferde orr, sz\u00e9les orrgy\u00f6k, hossz\u00fa orr- itt nagyon kell figyelni a keret h\u00eddj\u00e1nak elhelyezked\u00e9s\u00e9re, ha a 2 lencsetart\u00f3 r\u00e9szt \u00f6sszek\u00f6t\u0151 h\u00edd t\u00fal magasan van, akkor eszt\u00e9tikailag m\u00e9g hosszabbnak fog t\u0171nni az orrod\u2026.b\u00e1r att\u00f3l f\u00fcgg, mi a c\u00e9lod!:)<br><br>\u00c9n hiszek a szem\u00e9lyes konzult\u00e1ci\u00f3ban, \u00e9s Neked is j\u00f3, ha t\u00f6bb st\u00edlust tudsz felpr\u00f3b\u00e1lni. R\u00e1ad\u00e1sul szakemberek v\u00e1rnak T\u00e9ged, hogy seg\u00edtsenek a d\u00f6nt\u00e9sben, illetve lehet\u0151s\u00e9g van itt helyben elv\u00e9gezni az esetleges keretigaz\u00edt\u00e1st. Mindent egy helyen tudsz int\u00e9zni, l\u00e1tod?<br><br>Alapvet\u0151en a keretigaz\u00edt\u00e1st kihagyhatatlan l\u00e9p\u00e9snek tartom egy szem\u00fcvegrendel\u00e9s folyamat\u00e1b\u00f3l. Mivel Mi els\u0151sorban szemedre \u00e9s szem\u00e9lyedre szabott lencs\u00e9kkel foglalkozunk, emiatt meg pl\u00e1ne elengedhetetlen , hogy a keret j\u00f3l illeszkedjen a kiv\u00e1l\u00f3 l\u00e1t\u00e1s\u00e9lm\u00e9ny \u00e9rdek\u00e9ben!<br><br>B\u00edzom benne, hogy a szakm\u00e1m meg\u0151rzi tov\u00e1bbra is a sz\u00e9ps\u00e9g\u00e9t: az emberi kapcsolatot!<br><br>Szalonunkban t\u00f6bb sz\u00e1z keret van k\u00e9szleten, de ne ijedj meg, a keretv\u00e1laszt\u00e1s nem olyan id\u0151ig\u00e9nyes dolog, mert itt vagyunk, \u00e9s Mi seg\u00edteni fogunk megtal\u00e1lni a hozz\u00e1d ill\u0151 darabot!<br><br>V\u00e1runk szeretettel!<\/p>","protected":false},"excerpt":{"rendered":"<p>P\u00e1rszor feltett\u00e9k Nekem ezt a k\u00e9rd\u00e9st.<br \/>\nAzt gondolom, hogy egy szem\u00fcveget nem lehet k\u00e9p alapj\u00e1n j\u00f3l kiv\u00e1lasztani. M\u00e9g ha tiszt\u00e1ban is<\/p>","protected":false},"author":3,"featured_media":1583,"comment_status":"closed","ping_status":"open","sticky":false,"template":"","format":"standard","meta":{"footnotes":""},"categories":[1],"tags":[21],"class_list":["post-1427","post","type-post","status-publish","format-standard","has-post-thumbnail","hentry","category-egyeb","tag-webshop"],"yoast_head":"<!-- This site is optimized with the Yoast SEO Premium plugin v27.2 (Yoast SEO v27.3) - https:\/\/yoast.com\/product\/yoast-seo-premium-wordpress\/ -->\n<title>Mi\u00e9rt nincs webshopom? - Polg\u00e1r Optika - L\u00e1t\u00e1sgondoz\u00e1s Szalon<\/title>\n<meta name=\"robots\" content=\"index, follow, max-snippet:-1, max-image-preview:large, max-video-preview:-1\" \/>\n<link rel=\"canonical\" href=\"https:\/\/optikapolgar.hu\/en\/miert-nincs-webshopom\/\" \/>\n<meta property=\"og:locale\" content=\"en_GB\" \/>\n<meta property=\"og:type\" content=\"article\" \/>\n<meta property=\"og:title\" content=\"Mi\u00e9rt nincs webshopom?\" \/>\n<meta property=\"og:description\" content=\"P\u00e1rszor feltett\u00e9k Nekem ezt a k\u00e9rd\u00e9st. Azt gondolom, hogy egy szem\u00fcveget nem lehet k\u00e9p alapj\u00e1n j\u00f3l kiv\u00e1lasztani. M\u00e9g ha tiszt\u00e1ban is\" \/>\n<meta property=\"og:url\" content=\"https:\/\/optikapolgar.hu\/en\/miert-nincs-webshopom\/\" \/>\n<meta property=\"og:site_name\" content=\"Polg\u00e1r Optika - L\u00e1t\u00e1sgondoz\u00e1s Szalon\" \/>\n<meta property=\"article:publisher\" content=\"https:\/\/www.facebook.com\/polgaroptika\" \/>\n<meta property=\"article:published_time\" content=\"2022-01-25T06:51:59+00:00\" \/>\n<meta property=\"article:modified_time\" content=\"2025-02-04T09:55:48+00:00\" \/>\n<meta property=\"og:image\" content=\"https:\/\/optikapolgar.hu\/wp-content\/uploads\/2022\/10\/Miert-nincs-webshopom.jpg\" \/>\n\t<meta property=\"og:image:width\" content=\"887\" \/>\n\t<meta property=\"og:image:height\" content=\"498\" \/>\n\t<meta property=\"og:image:type\" content=\"image\/jpeg\" \/>\n<meta name=\"author\" content=\"Polg\u00e1r No\u00e9mi\" \/>\n<meta name=\"twitter:card\" content=\"summary_large_image\" \/>\n<meta name=\"twitter:label1\" content=\"Written by\" \/>\n\t<meta name=\"twitter:data1\" content=\"Polg\u00e1r No\u00e9mi\" \/>\n\t<meta name=\"twitter:label2\" content=\"Estimated reading time\" \/>\n\t<meta name=\"twitter:data2\" content=\"2 minutes\" \/>\n<script type=\"application\/ld+json\" class=\"yoast-schema-graph\">{\"@context\":\"https:\\\/\\\/schema.org\",\"@graph\":[{\"@type\":\"Article\",\"@id\":\"https:\\\/\\\/optikapolgar.hu\\\/miert-nincs-webshopom\\\/#article\",\"isPartOf\":{\"@id\":\"https:\\\/\\\/optikapolgar.hu\\\/miert-nincs-webshopom\\\/\"},\"author\":{\"name\":\"Polg\u00e1r No\u00e9mi\",\"@id\":\"https:\\\/\\\/optikapolgar.hu\\\/#\\\/schema\\\/person\\\/b1a7a97c2de15e63236abb7dbecf491b\"},\"headline\":\"Mi\u00e9rt nincs webshopom?\",\"datePublished\":\"2022-01-25T06:51:59+00:00\",\"dateModified\":\"2025-02-04T09:55:48+00:00\",\"mainEntityOfPage\":{\"@id\":\"https:\\\/\\\/optikapolgar.hu\\\/miert-nincs-webshopom\\\/\"},\"wordCount\":424,\"publisher\":{\"@id\":\"https:\\\/\\\/optikapolgar.hu\\\/#organization\"},\"image\":{\"@id\":\"https:\\\/\\\/optikapolgar.hu\\\/miert-nincs-webshopom\\\/#primaryimage\"},\"thumbnailUrl\":\"https:\\\/\\\/optikapolgar.hu\\\/wp-content\\\/uploads\\\/2022\\\/10\\\/Miert-nincs-webshopom.jpg\",\"keywords\":[\"webshop\"],\"articleSection\":[\"Egy\u00e9b kateg\u00f3ria\"],\"inLanguage\":\"en-GB\"},{\"@type\":\"WebPage\",\"@id\":\"https:\\\/\\\/optikapolgar.hu\\\/miert-nincs-webshopom\\\/\",\"url\":\"https:\\\/\\\/optikapolgar.hu\\\/miert-nincs-webshopom\\\/\",\"name\":\"Mi\u00e9rt nincs webshopom? - Polg\u00e1r Optika - L\u00e1t\u00e1sgondoz\u00e1s Szalon\",\"isPartOf\":{\"@id\":\"https:\\\/\\\/optikapolgar.hu\\\/#website\"},\"primaryImageOfPage\":{\"@id\":\"https:\\\/\\\/optikapolgar.hu\\\/miert-nincs-webshopom\\\/#primaryimage\"},\"image\":{\"@id\":\"https:\\\/\\\/optikapolgar.hu\\\/miert-nincs-webshopom\\\/#primaryimage\"},\"thumbnailUrl\":\"https:\\\/\\\/optikapolgar.hu\\\/wp-content\\\/uploads\\\/2022\\\/10\\\/Miert-nincs-webshopom.jpg\",\"datePublished\":\"2022-01-25T06:51:59+00:00\",\"dateModified\":\"2025-02-04T09:55:48+00:00\",\"breadcrumb\":{\"@id\":\"https:\\\/\\\/optikapolgar.hu\\\/miert-nincs-webshopom\\\/#breadcrumb\"},\"inLanguage\":\"en-GB\",\"potentialAction\":[{\"@type\":\"ReadAction\",\"target\":[\"https:\\\/\\\/optikapolgar.hu\\\/miert-nincs-webshopom\\\/\"]}]},{\"@type\":\"ImageObject\",\"inLanguage\":\"en-GB\",\"@id\":\"https:\\\/\\\/optikapolgar.hu\\\/miert-nincs-webshopom\\\/#primaryimage\",\"url\":\"https:\\\/\\\/optikapolgar.hu\\\/wp-content\\\/uploads\\\/2022\\\/10\\\/Miert-nincs-webshopom.jpg\",\"contentUrl\":\"https:\\\/\\\/optikapolgar.hu\\\/wp-content\\\/uploads\\\/2022\\\/10\\\/Miert-nincs-webshopom.jpg\",\"width\":887,\"height\":498,\"caption\":\"Mi\u00e9rt nincs webshopom\"},{\"@type\":\"BreadcrumbList\",\"@id\":\"https:\\\/\\\/optikapolgar.hu\\\/miert-nincs-webshopom\\\/#breadcrumb\",\"itemListElement\":[{\"@type\":\"ListItem\",\"position\":1,\"name\":\"Home\",\"item\":\"https:\\\/\\\/optikapolgar.hu\\\/\"},{\"@type\":\"ListItem\",\"position\":2,\"name\":\"Mi\u00e9rt nincs webshopom?\"}]},{\"@type\":\"WebSite\",\"@id\":\"https:\\\/\\\/optikapolgar.hu\\\/#website\",\"url\":\"https:\\\/\\\/optikapolgar.hu\\\/\",\"name\":\"Polg\u00e1r Optika - L\u00e1t\u00e1sgondoz\u00e1s Szalon\",\"description\":\"Polg\u00e1r Optika\",\"publisher\":{\"@id\":\"https:\\\/\\\/optikapolgar.hu\\\/#organization\"},\"potentialAction\":[{\"@type\":\"SearchAction\",\"target\":{\"@type\":\"EntryPoint\",\"urlTemplate\":\"https:\\\/\\\/optikapolgar.hu\\\/?s={search_term_string}\"},\"query-input\":{\"@type\":\"PropertyValueSpecification\",\"valueRequired\":true,\"valueName\":\"search_term_string\"}}],\"inLanguage\":\"en-GB\"},{\"@type\":\"Organization\",\"@id\":\"https:\\\/\\\/optikapolgar.hu\\\/#organization\",\"name\":\"Polg\u00e1r Optika - L\u00e1t\u00e1sgondoz\u00e1s Szalon\",\"url\":\"https:\\\/\\\/optikapolgar.hu\\\/\",\"logo\":{\"@type\":\"ImageObject\",\"inLanguage\":\"en-GB\",\"@id\":\"https:\\\/\\\/optikapolgar.hu\\\/#\\\/schema\\\/logo\\\/image\\\/\",\"url\":\"https:\\\/\\\/optikapolgar.hu\\\/wp-content\\\/uploads\\\/2022\\\/06\\\/PolgarOptika_logo_arany.svg\",\"contentUrl\":\"https:\\\/\\\/optikapolgar.hu\\\/wp-content\\\/uploads\\\/2022\\\/06\\\/PolgarOptika_logo_arany.svg\",\"width\":206,\"height\":208,\"caption\":\"Polg\u00e1r Optika - L\u00e1t\u00e1sgondoz\u00e1s Szalon\"},\"image\":{\"@id\":\"https:\\\/\\\/optikapolgar.hu\\\/#\\\/schema\\\/logo\\\/image\\\/\"},\"sameAs\":[\"https:\\\/\\\/www.facebook.com\\\/polgaroptika\",\"https:\\\/\\\/instagram.com\\\/polgar_optika?igshid=YmMyMTA2M2Y=\"]},{\"@type\":\"Person\",\"@id\":\"https:\\\/\\\/optikapolgar.hu\\\/#\\\/schema\\\/person\\\/b1a7a97c2de15e63236abb7dbecf491b\",\"name\":\"Polg\u00e1r No\u00e9mi\",\"image\":{\"@type\":\"ImageObject\",\"inLanguage\":\"en-GB\",\"@id\":\"https:\\\/\\\/secure.gravatar.com\\\/avatar\\\/93726456d4745031f2d16af6191b6c7da6fdaf0b2cb6688943c665afd9b6ab27?s=96&d=mm&r=g\",\"url\":\"https:\\\/\\\/secure.gravatar.com\\\/avatar\\\/93726456d4745031f2d16af6191b6c7da6fdaf0b2cb6688943c665afd9b6ab27?s=96&d=mm&r=g\",\"contentUrl\":\"https:\\\/\\\/secure.gravatar.com\\\/avatar\\\/93726456d4745031f2d16af6191b6c7da6fdaf0b2cb6688943c665afd9b6ab27?s=96&d=mm&r=g\",\"caption\":\"Polg\u00e1r No\u00e9mi\"}}]}<\/script>\n<!-- \/ Yoast SEO Premium plugin. -->","yoast_head_json":{"title":"Mi\u00e9rt nincs webshopom? - Polg\u00e1r Optika - L\u00e1t\u00e1sgondoz\u00e1s Szalon","robots":{"index":"index","follow":"follow","max-snippet":"max-snippet:-1","max-image-preview":"max-image-preview:large","max-video-preview":"max-video-preview:-1"},"canonical":"https:\/\/optikapolgar.hu\/en\/miert-nincs-webshopom\/","og_locale":"en_GB","og_type":"article","og_title":"Mi\u00e9rt nincs webshopom?","og_description":"P\u00e1rszor feltett\u00e9k Nekem ezt a k\u00e9rd\u00e9st. Azt gondolom, hogy egy szem\u00fcveget nem lehet k\u00e9p alapj\u00e1n j\u00f3l kiv\u00e1lasztani. M\u00e9g ha tiszt\u00e1ban is","og_url":"https:\/\/optikapolgar.hu\/en\/miert-nincs-webshopom\/","og_site_name":"Polg\u00e1r Optika - L\u00e1t\u00e1sgondoz\u00e1s Szalon","article_publisher":"https:\/\/www.facebook.com\/polgaroptika","article_published_time":"2022-01-25T06:51:59+00:00","article_modified_time":"2025-02-04T09:55:48+00:00","og_image":[{"width":887,"height":498,"url":"https:\/\/optikapolgar.hu\/wp-content\/uploads\/2022\/10\/Miert-nincs-webshopom.jpg","type":"image\/jpeg"}],"author":"Polg\u00e1r No\u00e9mi","twitter_card":"summary_large_image","twitter_misc":{"Written by":"Polg\u00e1r No\u00e9mi","Estimated reading time":"2 minutes"},"schema":{"@context":"https:\/\/schema.org","@graph":[{"@type":"Article","@id":"https:\/\/optikapolgar.hu\/miert-nincs-webshopom\/#article","isPartOf":{"@id":"https:\/\/optikapolgar.hu\/miert-nincs-webshopom\/"},"author":{"name":"Polg\u00e1r No\u00e9mi","@id":"https:\/\/optikapolgar.hu\/#\/schema\/person\/b1a7a97c2de15e63236abb7dbecf491b"},"headline":"Mi\u00e9rt nincs webshopom?","datePublished":"2022-01-25T06:51:59+00:00","dateModified":"2025-02-04T09:55:48+00:00","mainEntityOfPage":{"@id":"https:\/\/optikapolgar.hu\/miert-nincs-webshopom\/"},"wordCount":424,"publisher":{"@id":"https:\/\/optikapolgar.hu\/#organization"},"image":{"@id":"https:\/\/optikapolgar.hu\/miert-nincs-webshopom\/#primaryimage"},"thumbnailUrl":"https:\/\/optikapolgar.hu\/wp-content\/uploads\/2022\/10\/Miert-nincs-webshopom.jpg","keywords":["webshop"],"articleSection":["Egy\u00e9b kateg\u00f3ria"],"inLanguage":"en-GB"},{"@type":"WebPage","@id":"https:\/\/optikapolgar.hu\/miert-nincs-webshopom\/","url":"https:\/\/optikapolgar.hu\/miert-nincs-webshopom\/","name":"Mi\u00e9rt nincs webshopom? - Polg\u00e1r Optika - L\u00e1t\u00e1sgondoz\u00e1s Szalon","isPartOf":{"@id":"https:\/\/optikapolgar.hu\/#website"},"primaryImageOfPage":{"@id":"https:\/\/optikapolgar.hu\/miert-nincs-webshopom\/#primaryimage"},"image":{"@id":"https:\/\/optikapolgar.hu\/miert-nincs-webshopom\/#primaryimage"},"thumbnailUrl":"https:\/\/optikapolgar.hu\/wp-content\/uploads\/2022\/10\/Miert-nincs-webshopom.jpg","datePublished":"2022-01-25T06:51:59+00:00","dateModified":"2025-02-04T09:55:48+00:00","breadcrumb":{"@id":"https:\/\/optikapolgar.hu\/miert-nincs-webshopom\/#breadcrumb"},"inLanguage":"en-GB","potentialAction":[{"@type":"ReadAction","target":["https:\/\/optikapolgar.hu\/miert-nincs-webshopom\/"]}]},{"@type":"ImageObject","inLanguage":"en-GB","@id":"https:\/\/optikapolgar.hu\/miert-nincs-webshopom\/#primaryimage","url":"https:\/\/optikapolgar.hu\/wp-content\/uploads\/2022\/10\/Miert-nincs-webshopom.jpg","contentUrl":"https:\/\/optikapolgar.hu\/wp-content\/uploads\/2022\/10\/Miert-nincs-webshopom.jpg","width":887,"height":498,"caption":"Mi\u00e9rt nincs webshopom"},{"@type":"BreadcrumbList","@id":"https:\/\/optikapolgar.hu\/miert-nincs-webshopom\/#breadcrumb","itemListElement":[{"@type":"ListItem","position":1,"name":"Home","item":"https:\/\/optikapolgar.hu\/"},{"@type":"ListItem","position":2,"name":"Mi\u00e9rt nincs webshopom?"}]},{"@type":"WebSite","@id":"https:\/\/optikapolgar.hu\/#website","url":"https:\/\/optikapolgar.hu\/","name":"Polg\u00e1r Optika - L\u00e1t\u00e1sgondoz\u00e1s Szalon","description":"Polgar Optics","publisher":{"@id":"https:\/\/optikapolgar.hu\/#organization"},"potentialAction":[{"@type":"SearchAction","target":{"@type":"EntryPoint","urlTemplate":"https:\/\/optikapolgar.hu\/?s={search_term_string}"},"query-input":{"@type":"PropertyValueSpecification","valueRequired":true,"valueName":"search_term_string"}}],"inLanguage":"en-GB"},{"@type":"Organization","@id":"https:\/\/optikapolgar.hu\/#organization","name":"Polg\u00e1r Optika - L\u00e1t\u00e1sgondoz\u00e1s Szalon","url":"https:\/\/optikapolgar.hu\/","logo":{"@type":"ImageObject","inLanguage":"en-GB","@id":"https:\/\/optikapolgar.hu\/#\/schema\/logo\/image\/","url":"https:\/\/optikapolgar.hu\/wp-content\/uploads\/2022\/06\/PolgarOptika_logo_arany.svg","contentUrl":"https:\/\/optikapolgar.hu\/wp-content\/uploads\/2022\/06\/PolgarOptika_logo_arany.svg","width":206,"height":208,"caption":"Polg\u00e1r Optika - L\u00e1t\u00e1sgondoz\u00e1s Szalon"},"image":{"@id":"https:\/\/optikapolgar.hu\/#\/schema\/logo\/image\/"},"sameAs":["https:\/\/www.facebook.com\/polgaroptika","https:\/\/instagram.com\/polgar_optika?igshid=YmMyMTA2M2Y="]},{"@type":"Person","@id":"https:\/\/optikapolgar.hu\/#\/schema\/person\/b1a7a97c2de15e63236abb7dbecf491b","name":"No\u00e9mi Polg\u00e1r","image":{"@type":"ImageObject","inLanguage":"en-GB","@id":"https:\/\/secure.gravatar.com\/avatar\/93726456d4745031f2d16af6191b6c7da6fdaf0b2cb6688943c665afd9b6ab27?s=96&d=mm&r=g","url":"https:\/\/secure.gravatar.com\/avatar\/93726456d4745031f2d16af6191b6c7da6fdaf0b2cb6688943c665afd9b6ab27?s=96&d=mm&r=g","contentUrl":"https:\/\/secure.gravatar.com\/avatar\/93726456d4745031f2d16af6191b6c7da6fdaf0b2cb6688943c665afd9b6ab27?s=96&d=mm&r=g","caption":"Polg\u00e1r No\u00e9mi"}}]}},"_links":{"self":[{"href":"https:\/\/optikapolgar.hu\/en\/wp-json\/wp\/v2\/posts\/1427","targetHints":{"allow":["GET"]}}],"collection":[{"href":"https:\/\/optikapolgar.hu\/en\/wp-json\/wp\/v2\/posts"}],"about":[{"href":"https:\/\/optikapolgar.hu\/en\/wp-json\/wp\/v2\/types\/post"}],"author":[{"embeddable":true,"href":"https:\/\/optikapolgar.hu\/en\/wp-json\/wp\/v2\/users\/3"}],"replies":[{"embeddable":true,"href":"https:\/\/optikapolgar.hu\/en\/wp-json\/wp\/v2\/comments?post=1427"}],"version-history":[{"count":3,"href":"https:\/\/optikapolgar.hu\/en\/wp-json\/wp\/v2\/posts\/1427\/revisions"}],"predecessor-version":[{"id":1460,"href":"https:\/\/optikapolgar.hu\/en\/wp-json\/wp\/v2\/posts\/1427\/revisions\/1460"}],"wp:featuredmedia":[{"embeddable":true,"href":"https:\/\/optikapolgar.hu\/en\/wp-json\/wp\/v2\/media\/1583"}],"wp:attachment":[{"href":"https:\/\/optikapolgar.hu\/en\/wp-json\/wp\/v2\/media?parent=1427"}],"wp:term":[{"taxonomy":"category","embeddable":true,"href":"https:\/\/optikapolgar.hu\/en\/wp-json\/wp\/v2\/categories?post=1427"},{"taxonomy":"post_tag","embeddable":true,"href":"https:\/\/optikapolgar.hu\/en\/wp-json\/wp\/v2\/tags?post=1427"}],"curies":[{"name":"wp","href":"https:\/\/api.w.org\/{rel}","templated":true}]}}