{"id":2723,"date":"2024-05-23T16:14:25","date_gmt":"2024-05-23T15:14:25","guid":{"rendered":"https:\/\/optikapolgar.hu\/?p=2723"},"modified":"2025-02-04T10:56:58","modified_gmt":"2025-02-04T09:56:58","slug":"dioptrias-napszemuveg-vagy-fenyre-sotetedo-szemuveg","status":"publish","type":"post","link":"https:\/\/optikapolgar.hu\/en\/dioptrias-napszemuveg-vagy-fenyre-sotetedo-szemuveg\/","title":{"rendered":"Prescription sunglasses or photochromic glasses?"},"content":{"rendered":"<p>Melyik a jobb, \u00e9s mi\u00e9rt?<\/p>\n\n\n\n<p><\/p>\n\n\n\n<p>Ebben a k\u00e9rd\u00e9sben megoszlanak a v\u00e9lem\u00e9nyek, de Nek\u00fcnk szem\u00e9lyes tapasztalatb\u00f3l kiindulva a dioptri\u00e1s napszem\u00fcveg a nagy favorit!<\/p>\n\n\n\n<p>K\u00fcls\u0151leg t\u00f6k\u00e9letesen eszt\u00e9tikus, tartalmazza a sz\u00fcks\u00e9ges dioptri\u00e1t, kell\u0151 f\u00e9nyv\u00e9delemmel b\u00edr, \u00fagy n\u00e9z ki, mint egy \u201esima\u201d napszem\u00fcveg, \u00e9s az \u00e1ltalunk forgalmazott sz\u00ednez\u00e9sek elmondhatatlanul k\u00e9nyelmesek, m\u00e9g z\u00e1rt t\u00e9rben sem \u00e9rezz\u00fck, hogy le kell venn\u00fcnk a napszem\u00fcveg\u00fcnket, hogy jobban l\u00e1ssunk! Maximum a k\u00f6rnyezet\u00fcnk n\u00e9z r\u00e1nk fur\u00e1n, hogy mi\u00e9rt maradt rajtunk!:)<\/p>\n\n\n\n<p>Az f\u00e9nyre s\u00f6t\u00e9ted\u0151 ( helyesen UV-re s\u00f6t\u00e9ted\u0151 ) v\u00e1ltozat amolyan hibrid megold\u00e1s. Nem teljesen napszem\u00fcveg, csak annyira fog elsz\u00ednez\u0151dni a lencse, amennyi az UV sug\u00e1rz\u00e1snak megfelel\u0151en sz\u00fcks\u00e9ges a szem v\u00e9delme \u00e9rdek\u00e9ben. Ennek az az el\u0151nye, hogy z\u00e1rt t\u00e9rben kivil\u00e1gosodik, \u00e9s \u00edgy sima, sz\u00edntelen szem\u00fcvegk\u00e9nt is funkcion\u00e1l. Van, akinek a lencse elsz\u00ednez\u0151d\u00e9se nem ny\u00fajt elegend\u0151 v\u00e9delmet, nem \u00e9rzik kell\u0151en \u201es\u00f6t\u00e9tnek\u201d a v\u00e9geredm\u00e9nyt. Tal\u00e1n praktikusnak mondhat\u00f3, mert a szabadb\u00f3l a z\u00e1rt t\u00e9rbe \u00e9rkez\u00e9skor nem kell \u00e1tcser\u00e9lni a szem\u00fcveg\u00fcnket, de fontos tudni, hogy aut\u00f3ban p\u00e9ld\u00e1ul nem \u00e9ri el az elv\u00e1rt s\u00f6t\u00e9ted\u00e9st, mert a sz\u00e9lv\u00e9d\u0151 eleve sz\u0171ri az UV-t!<\/p>\n\n\n\n<p>Az ig\u00e9nyek elt\u00e9r\u0151ek lehetnek, \u00e9s mi ezt igyeksz\u00fcnk minden esetben felt\u00e9rk\u00e9pezni, hogy a sz\u00e1modra megfelel\u0151 megold\u00e1st ny\u00fajtsuk.<\/p>\n\n\n\n<p>El\u0151sz\u00f6r legyen egy alapos l\u00e1t\u00e1svizsg\u00e1lat, azt\u00e1n megbesz\u00e9lj\u00fck, mi a legjobb v\u00e1laszt\u00e1s az \u00e9letviteled, ig\u00e9nyeid, szemed \u00e1llapot\u00e1nak figyelembev\u00e9tel\u00e9vel!<\/p>\n\n\n\n<p>Szeretettel v\u00e1runk!<\/p>","protected":false},"excerpt":{"rendered":"<p>Melyik a jobb, \u00e9s mi\u00e9rt? Ebben a k\u00e9rd\u00e9sben megoszlanak a v\u00e9lem\u00e9nyek, de Nek\u00fcnk szem\u00e9lyes tapasztalatb\u00f3l kiindulva a dioptri\u00e1s napszem\u00fcveg a nagy favorit! K\u00fcls\u0151leg t\u00f6k\u00e9letesen eszt\u00e9tikus, tartalmazza a sz\u00fcks\u00e9ges dioptri\u00e1t, kell\u0151 f\u00e9nyv\u00e9delemmel b\u00edr, \u00fagy n\u00e9z ki, mint egy \u201esima\u201d napszem\u00fcveg, \u00e9s az \u00e1ltalunk forgalmazott sz\u00ednez\u00e9sek elmondhatatlanul k\u00e9nyelmesek, m\u00e9g z\u00e1rt t\u00e9rben sem \u00e9rezz\u00fck, hogy le kell venn\u00fcnk [&hellip;]<\/p>\n","protected":false},"author":3,"featured_media":2724,"comment_status":"closed","ping_status":"open","sticky":false,"template":"","format":"standard","meta":{"footnotes":""},"categories":[1],"tags":[20],"class_list":["post-2723","post","type-post","status-publish","format-standard","has-post-thumbnail","hentry","category-egyeb","tag-dioptrias-napszemuveg"],"yoast_head":"<!-- This site is optimized with the Yoast SEO Premium plugin v27.2 (Yoast SEO v27.3) - https:\/\/yoast.com\/product\/yoast-seo-premium-wordpress\/ -->\n<title>Dioptri\u00e1s napszem\u00fcveg vagy f\u00e9nyre s\u00f6t\u00e9ted\u0151 szem\u00fcveg? - Polg\u00e1r Optika - L\u00e1t\u00e1sgondoz\u00e1s Szalon<\/title>\n<meta name=\"robots\" content=\"index, follow, max-snippet:-1, max-image-preview:large, max-video-preview:-1\" \/>\n<link rel=\"canonical\" href=\"https:\/\/optikapolgar.hu\/en\/dioptrias-napszemuveg-vagy-fenyre-sotetedo-szemuveg\/\" \/>\n<meta property=\"og:locale\" content=\"en_GB\" \/>\n<meta property=\"og:type\" content=\"article\" \/>\n<meta property=\"og:title\" content=\"Dioptri\u00e1s napszem\u00fcveg vagy f\u00e9nyre s\u00f6t\u00e9ted\u0151 szem\u00fcveg?\" \/>\n<meta property=\"og:description\" content=\"Melyik a jobb, \u00e9s mi\u00e9rt? Ebben a k\u00e9rd\u00e9sben megoszlanak a v\u00e9lem\u00e9nyek, de Nek\u00fcnk szem\u00e9lyes tapasztalatb\u00f3l kiindulva a dioptri\u00e1s napszem\u00fcveg a nagy favorit! K\u00fcls\u0151leg t\u00f6k\u00e9letesen eszt\u00e9tikus, tartalmazza a sz\u00fcks\u00e9ges dioptri\u00e1t, kell\u0151 f\u00e9nyv\u00e9delemmel b\u00edr, \u00fagy n\u00e9z ki, mint egy \u201esima\u201d napszem\u00fcveg, \u00e9s az \u00e1ltalunk forgalmazott sz\u00ednez\u00e9sek elmondhatatlanul k\u00e9nyelmesek, m\u00e9g z\u00e1rt t\u00e9rben sem \u00e9rezz\u00fck, hogy le kell venn\u00fcnk [&hellip;]\" \/>\n<meta property=\"og:url\" content=\"https:\/\/optikapolgar.hu\/en\/dioptrias-napszemuveg-vagy-fenyre-sotetedo-szemuveg\/\" \/>\n<meta property=\"og:site_name\" content=\"Polg\u00e1r Optika - L\u00e1t\u00e1sgondoz\u00e1s Szalon\" \/>\n<meta property=\"article:publisher\" content=\"https:\/\/www.facebook.com\/polgaroptika\" \/>\n<meta property=\"article:published_time\" content=\"2024-05-23T15:14:25+00:00\" \/>\n<meta property=\"article:modified_time\" content=\"2025-02-04T09:56:58+00:00\" \/>\n<meta property=\"og:image\" content=\"https:\/\/optikapolgar.hu\/wp-content\/uploads\/2024\/05\/napszemuveg.jpg\" \/>\n\t<meta property=\"og:image:width\" content=\"800\" \/>\n\t<meta property=\"og:image:height\" content=\"400\" \/>\n\t<meta property=\"og:image:type\" content=\"image\/jpeg\" \/>\n<meta name=\"author\" content=\"Polg\u00e1r No\u00e9mi\" \/>\n<meta name=\"twitter:card\" content=\"summary_large_image\" \/>\n<meta name=\"twitter:label1\" content=\"Written by\" \/>\n\t<meta name=\"twitter:data1\" content=\"Polg\u00e1r No\u00e9mi\" \/>\n\t<meta name=\"twitter:label2\" content=\"Estimated reading time\" \/>\n\t<meta name=\"twitter:data2\" content=\"2 minutes\" \/>\n<script type=\"application\/ld+json\" class=\"yoast-schema-graph\">{\"@context\":\"https:\\\/\\\/schema.org\",\"@graph\":[{\"@type\":\"Article\",\"@id\":\"https:\\\/\\\/optikapolgar.hu\\\/dioptrias-napszemuveg-vagy-fenyre-sotetedo-szemuveg\\\/#article\",\"isPartOf\":{\"@id\":\"https:\\\/\\\/optikapolgar.hu\\\/dioptrias-napszemuveg-vagy-fenyre-sotetedo-szemuveg\\\/\"},\"author\":{\"name\":\"Polg\u00e1r No\u00e9mi\",\"@id\":\"https:\\\/\\\/optikapolgar.hu\\\/#\\\/schema\\\/person\\\/b1a7a97c2de15e63236abb7dbecf491b\"},\"headline\":\"Dioptri\u00e1s napszem\u00fcveg vagy f\u00e9nyre s\u00f6t\u00e9ted\u0151 szem\u00fcveg?\",\"datePublished\":\"2024-05-23T15:14:25+00:00\",\"dateModified\":\"2025-02-04T09:56:58+00:00\",\"mainEntityOfPage\":{\"@id\":\"https:\\\/\\\/optikapolgar.hu\\\/dioptrias-napszemuveg-vagy-fenyre-sotetedo-szemuveg\\\/\"},\"wordCount\":328,\"publisher\":{\"@id\":\"https:\\\/\\\/optikapolgar.hu\\\/#organization\"},\"image\":{\"@id\":\"https:\\\/\\\/optikapolgar.hu\\\/dioptrias-napszemuveg-vagy-fenyre-sotetedo-szemuveg\\\/#primaryimage\"},\"thumbnailUrl\":\"https:\\\/\\\/optikapolgar.hu\\\/wp-content\\\/uploads\\\/2024\\\/05\\\/napszemuveg.jpg\",\"keywords\":[\"dioptri\u00e1s napszem\u00fcveg\"],\"articleSection\":[\"Egy\u00e9b kateg\u00f3ria\"],\"inLanguage\":\"en-GB\"},{\"@type\":\"WebPage\",\"@id\":\"https:\\\/\\\/optikapolgar.hu\\\/dioptrias-napszemuveg-vagy-fenyre-sotetedo-szemuveg\\\/\",\"url\":\"https:\\\/\\\/optikapolgar.hu\\\/dioptrias-napszemuveg-vagy-fenyre-sotetedo-szemuveg\\\/\",\"name\":\"Dioptri\u00e1s napszem\u00fcveg vagy f\u00e9nyre s\u00f6t\u00e9ted\u0151 szem\u00fcveg? - Polg\u00e1r Optika - L\u00e1t\u00e1sgondoz\u00e1s Szalon\",\"isPartOf\":{\"@id\":\"https:\\\/\\\/optikapolgar.hu\\\/#website\"},\"primaryImageOfPage\":{\"@id\":\"https:\\\/\\\/optikapolgar.hu\\\/dioptrias-napszemuveg-vagy-fenyre-sotetedo-szemuveg\\\/#primaryimage\"},\"image\":{\"@id\":\"https:\\\/\\\/optikapolgar.hu\\\/dioptrias-napszemuveg-vagy-fenyre-sotetedo-szemuveg\\\/#primaryimage\"},\"thumbnailUrl\":\"https:\\\/\\\/optikapolgar.hu\\\/wp-content\\\/uploads\\\/2024\\\/05\\\/napszemuveg.jpg\",\"datePublished\":\"2024-05-23T15:14:25+00:00\",\"dateModified\":\"2025-02-04T09:56:58+00:00\",\"breadcrumb\":{\"@id\":\"https:\\\/\\\/optikapolgar.hu\\\/dioptrias-napszemuveg-vagy-fenyre-sotetedo-szemuveg\\\/#breadcrumb\"},\"inLanguage\":\"en-GB\",\"potentialAction\":[{\"@type\":\"ReadAction\",\"target\":[\"https:\\\/\\\/optikapolgar.hu\\\/dioptrias-napszemuveg-vagy-fenyre-sotetedo-szemuveg\\\/\"]}]},{\"@type\":\"ImageObject\",\"inLanguage\":\"en-GB\",\"@id\":\"https:\\\/\\\/optikapolgar.hu\\\/dioptrias-napszemuveg-vagy-fenyre-sotetedo-szemuveg\\\/#primaryimage\",\"url\":\"https:\\\/\\\/optikapolgar.hu\\\/wp-content\\\/uploads\\\/2024\\\/05\\\/napszemuveg.jpg\",\"contentUrl\":\"https:\\\/\\\/optikapolgar.hu\\\/wp-content\\\/uploads\\\/2024\\\/05\\\/napszemuveg.jpg\",\"width\":800,\"height\":400,\"caption\":\"napszem\u00fcveg\"},{\"@type\":\"BreadcrumbList\",\"@id\":\"https:\\\/\\\/optikapolgar.hu\\\/dioptrias-napszemuveg-vagy-fenyre-sotetedo-szemuveg\\\/#breadcrumb\",\"itemListElement\":[{\"@type\":\"ListItem\",\"position\":1,\"name\":\"Home\",\"item\":\"https:\\\/\\\/optikapolgar.hu\\\/\"},{\"@type\":\"ListItem\",\"position\":2,\"name\":\"Dioptri\u00e1s napszem\u00fcveg vagy f\u00e9nyre s\u00f6t\u00e9ted\u0151 szem\u00fcveg?\"}]},{\"@type\":\"WebSite\",\"@id\":\"https:\\\/\\\/optikapolgar.hu\\\/#website\",\"url\":\"https:\\\/\\\/optikapolgar.hu\\\/\",\"name\":\"Polg\u00e1r Optika - L\u00e1t\u00e1sgondoz\u00e1s Szalon\",\"description\":\"Polg\u00e1r Optika\",\"publisher\":{\"@id\":\"https:\\\/\\\/optikapolgar.hu\\\/#organization\"},\"potentialAction\":[{\"@type\":\"SearchAction\",\"target\":{\"@type\":\"EntryPoint\",\"urlTemplate\":\"https:\\\/\\\/optikapolgar.hu\\\/?s={search_term_string}\"},\"query-input\":{\"@type\":\"PropertyValueSpecification\",\"valueRequired\":true,\"valueName\":\"search_term_string\"}}],\"inLanguage\":\"en-GB\"},{\"@type\":\"Organization\",\"@id\":\"https:\\\/\\\/optikapolgar.hu\\\/#organization\",\"name\":\"Polg\u00e1r Optika - L\u00e1t\u00e1sgondoz\u00e1s Szalon\",\"url\":\"https:\\\/\\\/optikapolgar.hu\\\/\",\"logo\":{\"@type\":\"ImageObject\",\"inLanguage\":\"en-GB\",\"@id\":\"https:\\\/\\\/optikapolgar.hu\\\/#\\\/schema\\\/logo\\\/image\\\/\",\"url\":\"https:\\\/\\\/optikapolgar.hu\\\/wp-content\\\/uploads\\\/2022\\\/06\\\/PolgarOptika_logo_arany.svg\",\"contentUrl\":\"https:\\\/\\\/optikapolgar.hu\\\/wp-content\\\/uploads\\\/2022\\\/06\\\/PolgarOptika_logo_arany.svg\",\"width\":206,\"height\":208,\"caption\":\"Polg\u00e1r Optika - L\u00e1t\u00e1sgondoz\u00e1s Szalon\"},\"image\":{\"@id\":\"https:\\\/\\\/optikapolgar.hu\\\/#\\\/schema\\\/logo\\\/image\\\/\"},\"sameAs\":[\"https:\\\/\\\/www.facebook.com\\\/polgaroptika\",\"https:\\\/\\\/instagram.com\\\/polgar_optika?igshid=YmMyMTA2M2Y=\"]},{\"@type\":\"Person\",\"@id\":\"https:\\\/\\\/optikapolgar.hu\\\/#\\\/schema\\\/person\\\/b1a7a97c2de15e63236abb7dbecf491b\",\"name\":\"Polg\u00e1r No\u00e9mi\",\"image\":{\"@type\":\"ImageObject\",\"inLanguage\":\"en-GB\",\"@id\":\"https:\\\/\\\/secure.gravatar.com\\\/avatar\\\/93726456d4745031f2d16af6191b6c7da6fdaf0b2cb6688943c665afd9b6ab27?s=96&d=mm&r=g\",\"url\":\"https:\\\/\\\/secure.gravatar.com\\\/avatar\\\/93726456d4745031f2d16af6191b6c7da6fdaf0b2cb6688943c665afd9b6ab27?s=96&d=mm&r=g\",\"contentUrl\":\"https:\\\/\\\/secure.gravatar.com\\\/avatar\\\/93726456d4745031f2d16af6191b6c7da6fdaf0b2cb6688943c665afd9b6ab27?s=96&d=mm&r=g\",\"caption\":\"Polg\u00e1r No\u00e9mi\"}}]}<\/script>\n<!-- \/ Yoast SEO Premium plugin. -->","yoast_head_json":{"title":"Dioptri\u00e1s napszem\u00fcveg vagy f\u00e9nyre s\u00f6t\u00e9ted\u0151 szem\u00fcveg? - Polg\u00e1r Optika - L\u00e1t\u00e1sgondoz\u00e1s Szalon","robots":{"index":"index","follow":"follow","max-snippet":"max-snippet:-1","max-image-preview":"max-image-preview:large","max-video-preview":"max-video-preview:-1"},"canonical":"https:\/\/optikapolgar.hu\/en\/dioptrias-napszemuveg-vagy-fenyre-sotetedo-szemuveg\/","og_locale":"en_GB","og_type":"article","og_title":"Dioptri\u00e1s napszem\u00fcveg vagy f\u00e9nyre s\u00f6t\u00e9ted\u0151 szem\u00fcveg?","og_description":"Melyik a jobb, \u00e9s mi\u00e9rt? Ebben a k\u00e9rd\u00e9sben megoszlanak a v\u00e9lem\u00e9nyek, de Nek\u00fcnk szem\u00e9lyes tapasztalatb\u00f3l kiindulva a dioptri\u00e1s napszem\u00fcveg a nagy favorit! K\u00fcls\u0151leg t\u00f6k\u00e9letesen eszt\u00e9tikus, tartalmazza a sz\u00fcks\u00e9ges dioptri\u00e1t, kell\u0151 f\u00e9nyv\u00e9delemmel b\u00edr, \u00fagy n\u00e9z ki, mint egy \u201esima\u201d napszem\u00fcveg, \u00e9s az \u00e1ltalunk forgalmazott sz\u00ednez\u00e9sek elmondhatatlanul k\u00e9nyelmesek, m\u00e9g z\u00e1rt t\u00e9rben sem \u00e9rezz\u00fck, hogy le kell venn\u00fcnk [&hellip;]","og_url":"https:\/\/optikapolgar.hu\/en\/dioptrias-napszemuveg-vagy-fenyre-sotetedo-szemuveg\/","og_site_name":"Polg\u00e1r Optika - L\u00e1t\u00e1sgondoz\u00e1s Szalon","article_publisher":"https:\/\/www.facebook.com\/polgaroptika","article_published_time":"2024-05-23T15:14:25+00:00","article_modified_time":"2025-02-04T09:56:58+00:00","og_image":[{"width":800,"height":400,"url":"https:\/\/optikapolgar.hu\/wp-content\/uploads\/2024\/05\/napszemuveg.jpg","type":"image\/jpeg"}],"author":"Polg\u00e1r No\u00e9mi","twitter_card":"summary_large_image","twitter_misc":{"Written by":"Polg\u00e1r No\u00e9mi","Estimated reading time":"2 minutes"},"schema":{"@context":"https:\/\/schema.org","@graph":[{"@type":"Article","@id":"https:\/\/optikapolgar.hu\/dioptrias-napszemuveg-vagy-fenyre-sotetedo-szemuveg\/#article","isPartOf":{"@id":"https:\/\/optikapolgar.hu\/dioptrias-napszemuveg-vagy-fenyre-sotetedo-szemuveg\/"},"author":{"name":"Polg\u00e1r No\u00e9mi","@id":"https:\/\/optikapolgar.hu\/#\/schema\/person\/b1a7a97c2de15e63236abb7dbecf491b"},"headline":"Dioptri\u00e1s napszem\u00fcveg vagy f\u00e9nyre s\u00f6t\u00e9ted\u0151 szem\u00fcveg?","datePublished":"2024-05-23T15:14:25+00:00","dateModified":"2025-02-04T09:56:58+00:00","mainEntityOfPage":{"@id":"https:\/\/optikapolgar.hu\/dioptrias-napszemuveg-vagy-fenyre-sotetedo-szemuveg\/"},"wordCount":328,"publisher":{"@id":"https:\/\/optikapolgar.hu\/#organization"},"image":{"@id":"https:\/\/optikapolgar.hu\/dioptrias-napszemuveg-vagy-fenyre-sotetedo-szemuveg\/#primaryimage"},"thumbnailUrl":"https:\/\/optikapolgar.hu\/wp-content\/uploads\/2024\/05\/napszemuveg.jpg","keywords":["dioptri\u00e1s napszem\u00fcveg"],"articleSection":["Egy\u00e9b kateg\u00f3ria"],"inLanguage":"en-GB"},{"@type":"WebPage","@id":"https:\/\/optikapolgar.hu\/dioptrias-napszemuveg-vagy-fenyre-sotetedo-szemuveg\/","url":"https:\/\/optikapolgar.hu\/dioptrias-napszemuveg-vagy-fenyre-sotetedo-szemuveg\/","name":"Dioptri\u00e1s napszem\u00fcveg vagy f\u00e9nyre s\u00f6t\u00e9ted\u0151 szem\u00fcveg? - Polg\u00e1r Optika - L\u00e1t\u00e1sgondoz\u00e1s Szalon","isPartOf":{"@id":"https:\/\/optikapolgar.hu\/#website"},"primaryImageOfPage":{"@id":"https:\/\/optikapolgar.hu\/dioptrias-napszemuveg-vagy-fenyre-sotetedo-szemuveg\/#primaryimage"},"image":{"@id":"https:\/\/optikapolgar.hu\/dioptrias-napszemuveg-vagy-fenyre-sotetedo-szemuveg\/#primaryimage"},"thumbnailUrl":"https:\/\/optikapolgar.hu\/wp-content\/uploads\/2024\/05\/napszemuveg.jpg","datePublished":"2024-05-23T15:14:25+00:00","dateModified":"2025-02-04T09:56:58+00:00","breadcrumb":{"@id":"https:\/\/optikapolgar.hu\/dioptrias-napszemuveg-vagy-fenyre-sotetedo-szemuveg\/#breadcrumb"},"inLanguage":"en-GB","potentialAction":[{"@type":"ReadAction","target":["https:\/\/optikapolgar.hu\/dioptrias-napszemuveg-vagy-fenyre-sotetedo-szemuveg\/"]}]},{"@type":"ImageObject","inLanguage":"en-GB","@id":"https:\/\/optikapolgar.hu\/dioptrias-napszemuveg-vagy-fenyre-sotetedo-szemuveg\/#primaryimage","url":"https:\/\/optikapolgar.hu\/wp-content\/uploads\/2024\/05\/napszemuveg.jpg","contentUrl":"https:\/\/optikapolgar.hu\/wp-content\/uploads\/2024\/05\/napszemuveg.jpg","width":800,"height":400,"caption":"napszem\u00fcveg"},{"@type":"BreadcrumbList","@id":"https:\/\/optikapolgar.hu\/dioptrias-napszemuveg-vagy-fenyre-sotetedo-szemuveg\/#breadcrumb","itemListElement":[{"@type":"ListItem","position":1,"name":"Home","item":"https:\/\/optikapolgar.hu\/"},{"@type":"ListItem","position":2,"name":"Dioptri\u00e1s napszem\u00fcveg vagy f\u00e9nyre s\u00f6t\u00e9ted\u0151 szem\u00fcveg?"}]},{"@type":"WebSite","@id":"https:\/\/optikapolgar.hu\/#website","url":"https:\/\/optikapolgar.hu\/","name":"Polg\u00e1r Optika - L\u00e1t\u00e1sgondoz\u00e1s Szalon","description":"Polgar Optics","publisher":{"@id":"https:\/\/optikapolgar.hu\/#organization"},"potentialAction":[{"@type":"SearchAction","target":{"@type":"EntryPoint","urlTemplate":"https:\/\/optikapolgar.hu\/?s={search_term_string}"},"query-input":{"@type":"PropertyValueSpecification","valueRequired":true,"valueName":"search_term_string"}}],"inLanguage":"en-GB"},{"@type":"Organization","@id":"https:\/\/optikapolgar.hu\/#organization","name":"Polg\u00e1r Optika - L\u00e1t\u00e1sgondoz\u00e1s Szalon","url":"https:\/\/optikapolgar.hu\/","logo":{"@type":"ImageObject","inLanguage":"en-GB","@id":"https:\/\/optikapolgar.hu\/#\/schema\/logo\/image\/","url":"https:\/\/optikapolgar.hu\/wp-content\/uploads\/2022\/06\/PolgarOptika_logo_arany.svg","contentUrl":"https:\/\/optikapolgar.hu\/wp-content\/uploads\/2022\/06\/PolgarOptika_logo_arany.svg","width":206,"height":208,"caption":"Polg\u00e1r Optika - L\u00e1t\u00e1sgondoz\u00e1s Szalon"},"image":{"@id":"https:\/\/optikapolgar.hu\/#\/schema\/logo\/image\/"},"sameAs":["https:\/\/www.facebook.com\/polgaroptika","https:\/\/instagram.com\/polgar_optika?igshid=YmMyMTA2M2Y="]},{"@type":"Person","@id":"https:\/\/optikapolgar.hu\/#\/schema\/person\/b1a7a97c2de15e63236abb7dbecf491b","name":"No\u00e9mi Polg\u00e1r","image":{"@type":"ImageObject","inLanguage":"en-GB","@id":"https:\/\/secure.gravatar.com\/avatar\/93726456d4745031f2d16af6191b6c7da6fdaf0b2cb6688943c665afd9b6ab27?s=96&d=mm&r=g","url":"https:\/\/secure.gravatar.com\/avatar\/93726456d4745031f2d16af6191b6c7da6fdaf0b2cb6688943c665afd9b6ab27?s=96&d=mm&r=g","contentUrl":"https:\/\/secure.gravatar.com\/avatar\/93726456d4745031f2d16af6191b6c7da6fdaf0b2cb6688943c665afd9b6ab27?s=96&d=mm&r=g","caption":"Polg\u00e1r No\u00e9mi"}}]}},"_links":{"self":[{"href":"https:\/\/optikapolgar.hu\/en\/wp-json\/wp\/v2\/posts\/2723","targetHints":{"allow":["GET"]}}],"collection":[{"href":"https:\/\/optikapolgar.hu\/en\/wp-json\/wp\/v2\/posts"}],"about":[{"href":"https:\/\/optikapolgar.hu\/en\/wp-json\/wp\/v2\/types\/post"}],"author":[{"embeddable":true,"href":"https:\/\/optikapolgar.hu\/en\/wp-json\/wp\/v2\/users\/3"}],"replies":[{"embeddable":true,"href":"https:\/\/optikapolgar.hu\/en\/wp-json\/wp\/v2\/comments?post=2723"}],"version-history":[{"count":2,"href":"https:\/\/optikapolgar.hu\/en\/wp-json\/wp\/v2\/posts\/2723\/revisions"}],"predecessor-version":[{"id":2726,"href":"https:\/\/optikapolgar.hu\/en\/wp-json\/wp\/v2\/posts\/2723\/revisions\/2726"}],"wp:featuredmedia":[{"embeddable":true,"href":"https:\/\/optikapolgar.hu\/en\/wp-json\/wp\/v2\/media\/2724"}],"wp:attachment":[{"href":"https:\/\/optikapolgar.hu\/en\/wp-json\/wp\/v2\/media?parent=2723"}],"wp:term":[{"taxonomy":"category","embeddable":true,"href":"https:\/\/optikapolgar.hu\/en\/wp-json\/wp\/v2\/categories?post=2723"},{"taxonomy":"post_tag","embeddable":true,"href":"https:\/\/optikapolgar.hu\/en\/wp-json\/wp\/v2\/tags?post=2723"}],"curies":[{"name":"wp","href":"https:\/\/api.w.org\/{rel}","templated":true}]}}