{"id":2803,"date":"2024-11-04T10:24:50","date_gmt":"2024-11-04T09:24:50","guid":{"rendered":"https:\/\/optikapolgar.hu\/?p=2803"},"modified":"2025-02-04T10:56:52","modified_gmt":"2025-02-04T09:56:52","slug":"pislogj","status":"publish","type":"post","link":"https:\/\/optikapolgar.hu\/en\/pislogj\/","title":{"rendered":"Blink!"},"content":{"rendered":"\n<p><\/p>\n\n\n\n<p>Tudtad, h a pislog\u00e1s fontos szerepet j\u00e1tszik a szemeid eg\u00e9szs\u00e9g\u00e9nek meg\u0151rz\u00e9s\u00e9ben?<\/p>\n\n\n\n<p>Ha keveset pislogsz, akkor k\u00f6nnyen kisz\u00e1rad a szemfelsz\u00edned. A pislog\u00e1s felel ugyanis az\u00e9rt , hogy a szem nedves maradjon, ez biztos\u00edtja a szemfelsz\u00edn v\u00e9delm\u00e9t ak\u00e1r a k\u00f3rokoz\u00f3kkal szemben.<\/p>\n\n\n\n<p>Ha <a><\/a>nem pislogsz eleget, tanulsz, vagy digit\u00e1lis kijelz\u0151t haszn\u00e1lsz, akkor kisz\u00e1rad a szemfelsz\u00edn. Ilyenkor elf\u00e1radhatnak a szemeid, rosszabb l\u00e1t\u00e1st \u00e9s fejf\u00e1j\u00e1st is tapasztalhatsz!<\/p>\n\n\n\n<p>Ha viszont sokat pislogsz, utalhat arra, hogy eleve sz\u00e1raz a szemed, nem megfelel\u0151 a k\u00f6nny\u00f6sszet\u00e9teled, vagy ak\u00e1r dioptri\u00e1ra van sz\u00fcks\u00e9ged.<\/p>\n\n\n\n<p>Ebben a t\u00e9m\u00e1ban is seg\u00edts\u00e9gedre vagyunk!<\/p>\n\n\n\n<p>V\u00e1runk szeretettel!<\/p>\n\n\n\n<p><\/p>\n\n\n\n<p><a href=\"https:\/\/www.facebook.com\/photo\/?fbid=1102347068568167&amp;set=a.496191009183779&amp;__cft__[0]=AZUy_4Q3e4iQH93xROQiEzYVvRlm-ukPUe5zjKHoJKvrD5dXuz-bv_iZGlvqjU5sSKb0wL_6N_9hOI4NipSeppSf3Z3gqFjS4Uqd7b1phQ_7ZOUmNVsJxpPBpMxdcI7J7-_Y1RAqgZ9ihI_wdy7puI5jWT94dD1AW7rCZmnP3zcscA&amp;__tn__=EH-R\"><\/a><\/p>\n","protected":false},"excerpt":{"rendered":"<p>Tudtad, h a pislog\u00e1s fontos szerepet j\u00e1tszik a szemeid eg\u00e9szs\u00e9g\u00e9nek meg\u0151rz\u00e9s\u00e9ben? Ha keveset pislogsz, akkor k\u00f6nnyen kisz\u00e1rad a szemfelsz\u00edned. A pislog\u00e1s felel ugyanis az\u00e9rt , hogy a szem nedves maradjon, ez biztos\u00edtja a szemfelsz\u00edn v\u00e9delm\u00e9t ak\u00e1r a k\u00f3rokoz\u00f3kkal szemben. Ha nem pislogsz eleget, tanulsz, vagy digit\u00e1lis kijelz\u0151t haszn\u00e1lsz, akkor kisz\u00e1rad a szemfelsz\u00edn. Ilyenkor elf\u00e1radhatnak a [&hellip;]<\/p>\n","protected":false},"author":3,"featured_media":1911,"comment_status":"closed","ping_status":"open","sticky":false,"template":"","format":"standard","meta":{"footnotes":""},"categories":[1],"tags":[],"class_list":["post-2803","post","type-post","status-publish","format-standard","has-post-thumbnail","hentry","category-egyeb"],"yoast_head":"<!-- This site is optimized with the Yoast SEO Premium plugin v27.2 (Yoast SEO v27.3) - https:\/\/yoast.com\/product\/yoast-seo-premium-wordpress\/ -->\n<title>Pislogj! - Polg\u00e1r Optika - L\u00e1t\u00e1sgondoz\u00e1s Szalon<\/title>\n<meta name=\"description\" content=\"Tudtad, h a pislog\u00e1s fontos szerepet j\u00e1tszik a szemeid eg\u00e9szs\u00e9g\u00e9nek meg\u0151rz\u00e9s\u00e9ben?Ha keveset pislogsz, akkor k\u00f6nnyen kisz\u00e1rad a szemfelsz\u00edned. A pislog\u00e1s felel ugyanis az\u00e9rt , hogy a szem nedves maradjon, ez biztos\u00edtja a szemfelsz\u00edn v\u00e9delm\u00e9t ak\u00e1r a k\u00f3rokoz\u00f3kkal szemben.Ha nem pislogsz eleget, tanulsz, vagy digit\u00e1lis kijelz\u0151t haszn\u00e1lsz, akkor kisz\u00e1rad a szemfelsz\u00edn. Ilyenkor elf\u00e1radhatnak a szemeid, rosszabb l\u00e1t\u00e1st \u00e9s fejf\u00e1j\u00e1st is tapasztalhatsz!Ha viszont sokat pislogsz, utalhat arra, hogy eleve sz\u00e1raz a szemed, nem megfelel\u0151 a k\u00f6nny\u00f6sszet\u00e9teled, vagy ak\u00e1r dioptri\u00e1ra van sz\u00fcks\u00e9ged.Ebben a t\u00e9m\u00e1ban is seg\u00edts\u00e9gedre vagyunk!V\u00e1runk szeretettel!\" \/>\n<meta name=\"robots\" content=\"index, follow, max-snippet:-1, max-image-preview:large, max-video-preview:-1\" \/>\n<link rel=\"canonical\" href=\"https:\/\/optikapolgar.hu\/en\/pislogj\/\" \/>\n<meta property=\"og:locale\" content=\"en_GB\" \/>\n<meta property=\"og:type\" content=\"article\" \/>\n<meta property=\"og:title\" content=\"Pislogj!\" \/>\n<meta property=\"og:description\" content=\"Tudtad, h a pislog\u00e1s fontos szerepet j\u00e1tszik a szemeid eg\u00e9szs\u00e9g\u00e9nek meg\u0151rz\u00e9s\u00e9ben?Ha keveset pislogsz, akkor k\u00f6nnyen kisz\u00e1rad a szemfelsz\u00edned. A pislog\u00e1s felel ugyanis az\u00e9rt , hogy a szem nedves maradjon, ez biztos\u00edtja a szemfelsz\u00edn v\u00e9delm\u00e9t ak\u00e1r a k\u00f3rokoz\u00f3kkal szemben.Ha nem pislogsz eleget, tanulsz, vagy digit\u00e1lis kijelz\u0151t haszn\u00e1lsz, akkor kisz\u00e1rad a szemfelsz\u00edn. Ilyenkor elf\u00e1radhatnak a szemeid, rosszabb l\u00e1t\u00e1st \u00e9s fejf\u00e1j\u00e1st is tapasztalhatsz!Ha viszont sokat pislogsz, utalhat arra, hogy eleve sz\u00e1raz a szemed, nem megfelel\u0151 a k\u00f6nny\u00f6sszet\u00e9teled, vagy ak\u00e1r dioptri\u00e1ra van sz\u00fcks\u00e9ged.Ebben a t\u00e9m\u00e1ban is seg\u00edts\u00e9gedre vagyunk!V\u00e1runk szeretettel!\" \/>\n<meta property=\"og:url\" content=\"https:\/\/optikapolgar.hu\/en\/pislogj\/\" \/>\n<meta property=\"og:site_name\" content=\"Polg\u00e1r Optika - L\u00e1t\u00e1sgondoz\u00e1s Szalon\" \/>\n<meta property=\"article:publisher\" content=\"https:\/\/www.facebook.com\/polgaroptika\" \/>\n<meta property=\"article:published_time\" content=\"2024-11-04T09:24:50+00:00\" \/>\n<meta property=\"article:modified_time\" content=\"2025-02-04T09:56:52+00:00\" \/>\n<meta property=\"og:image\" content=\"https:\/\/optikapolgar.hu\/wp-content\/uploads\/2022\/12\/Szemszarazsag.jpg\" \/>\n\t<meta property=\"og:image:width\" content=\"748\" \/>\n\t<meta property=\"og:image:height\" content=\"420\" \/>\n\t<meta property=\"og:image:type\" content=\"image\/jpeg\" \/>\n<meta name=\"author\" content=\"Polg\u00e1r No\u00e9mi\" \/>\n<meta name=\"twitter:card\" content=\"summary_large_image\" \/>\n<meta name=\"twitter:label1\" content=\"Written by\" \/>\n\t<meta name=\"twitter:data1\" content=\"Polg\u00e1r No\u00e9mi\" \/>\n\t<meta name=\"twitter:label2\" content=\"Estimated reading time\" \/>\n\t<meta name=\"twitter:data2\" content=\"1 minute\" \/>\n<script type=\"application\/ld+json\" class=\"yoast-schema-graph\">{\"@context\":\"https:\\\/\\\/schema.org\",\"@graph\":[{\"@type\":\"Article\",\"@id\":\"https:\\\/\\\/optikapolgar.hu\\\/pislogj\\\/#article\",\"isPartOf\":{\"@id\":\"https:\\\/\\\/optikapolgar.hu\\\/pislogj\\\/\"},\"author\":{\"name\":\"Polg\u00e1r No\u00e9mi\",\"@id\":\"https:\\\/\\\/optikapolgar.hu\\\/#\\\/schema\\\/person\\\/b1a7a97c2de15e63236abb7dbecf491b\"},\"headline\":\"Pislogj!\",\"datePublished\":\"2024-11-04T09:24:50+00:00\",\"dateModified\":\"2025-02-04T09:56:52+00:00\",\"mainEntityOfPage\":{\"@id\":\"https:\\\/\\\/optikapolgar.hu\\\/pislogj\\\/\"},\"wordCount\":133,\"publisher\":{\"@id\":\"https:\\\/\\\/optikapolgar.hu\\\/#organization\"},\"image\":{\"@id\":\"https:\\\/\\\/optikapolgar.hu\\\/pislogj\\\/#primaryimage\"},\"thumbnailUrl\":\"https:\\\/\\\/optikapolgar.hu\\\/wp-content\\\/uploads\\\/2022\\\/12\\\/Szemszarazsag.jpg\",\"articleSection\":[\"Egy\u00e9b kateg\u00f3ria\"],\"inLanguage\":\"en-GB\"},{\"@type\":\"WebPage\",\"@id\":\"https:\\\/\\\/optikapolgar.hu\\\/pislogj\\\/\",\"url\":\"https:\\\/\\\/optikapolgar.hu\\\/pislogj\\\/\",\"name\":\"Pislogj! - Polg\u00e1r Optika - L\u00e1t\u00e1sgondoz\u00e1s Szalon\",\"isPartOf\":{\"@id\":\"https:\\\/\\\/optikapolgar.hu\\\/#website\"},\"primaryImageOfPage\":{\"@id\":\"https:\\\/\\\/optikapolgar.hu\\\/pislogj\\\/#primaryimage\"},\"image\":{\"@id\":\"https:\\\/\\\/optikapolgar.hu\\\/pislogj\\\/#primaryimage\"},\"thumbnailUrl\":\"https:\\\/\\\/optikapolgar.hu\\\/wp-content\\\/uploads\\\/2022\\\/12\\\/Szemszarazsag.jpg\",\"datePublished\":\"2024-11-04T09:24:50+00:00\",\"dateModified\":\"2025-02-04T09:56:52+00:00\",\"description\":\"Tudtad, h a pislog\u00e1s fontos szerepet j\u00e1tszik a szemeid eg\u00e9szs\u00e9g\u00e9nek meg\u0151rz\u00e9s\u00e9ben?Ha keveset pislogsz, akkor k\u00f6nnyen kisz\u00e1rad a szemfelsz\u00edned. A pislog\u00e1s felel ugyanis az\u00e9rt , hogy a szem nedves maradjon, ez biztos\u00edtja a szemfelsz\u00edn v\u00e9delm\u00e9t ak\u00e1r a k\u00f3rokoz\u00f3kkal szemben.Ha nem pislogsz eleget, tanulsz, vagy digit\u00e1lis kijelz\u0151t haszn\u00e1lsz, akkor kisz\u00e1rad a szemfelsz\u00edn. Ilyenkor elf\u00e1radhatnak a szemeid, rosszabb l\u00e1t\u00e1st \u00e9s fejf\u00e1j\u00e1st is tapasztalhatsz!Ha viszont sokat pislogsz, utalhat arra, hogy eleve sz\u00e1raz a szemed, nem megfelel\u0151 a k\u00f6nny\u00f6sszet\u00e9teled, vagy ak\u00e1r dioptri\u00e1ra van sz\u00fcks\u00e9ged.Ebben a t\u00e9m\u00e1ban is seg\u00edts\u00e9gedre vagyunk!V\u00e1runk szeretettel!\",\"breadcrumb\":{\"@id\":\"https:\\\/\\\/optikapolgar.hu\\\/pislogj\\\/#breadcrumb\"},\"inLanguage\":\"en-GB\",\"potentialAction\":[{\"@type\":\"ReadAction\",\"target\":[\"https:\\\/\\\/optikapolgar.hu\\\/pislogj\\\/\"]}]},{\"@type\":\"ImageObject\",\"inLanguage\":\"en-GB\",\"@id\":\"https:\\\/\\\/optikapolgar.hu\\\/pislogj\\\/#primaryimage\",\"url\":\"https:\\\/\\\/optikapolgar.hu\\\/wp-content\\\/uploads\\\/2022\\\/12\\\/Szemszarazsag.jpg\",\"contentUrl\":\"https:\\\/\\\/optikapolgar.hu\\\/wp-content\\\/uploads\\\/2022\\\/12\\\/Szemszarazsag.jpg\",\"width\":748,\"height\":420,\"caption\":\"Szemsz\u00e1razs\u00e1g\"},{\"@type\":\"BreadcrumbList\",\"@id\":\"https:\\\/\\\/optikapolgar.hu\\\/pislogj\\\/#breadcrumb\",\"itemListElement\":[{\"@type\":\"ListItem\",\"position\":1,\"name\":\"Home\",\"item\":\"https:\\\/\\\/optikapolgar.hu\\\/\"},{\"@type\":\"ListItem\",\"position\":2,\"name\":\"Pislogj!\"}]},{\"@type\":\"WebSite\",\"@id\":\"https:\\\/\\\/optikapolgar.hu\\\/#website\",\"url\":\"https:\\\/\\\/optikapolgar.hu\\\/\",\"name\":\"Polg\u00e1r Optika - L\u00e1t\u00e1sgondoz\u00e1s Szalon\",\"description\":\"Polg\u00e1r Optika\",\"publisher\":{\"@id\":\"https:\\\/\\\/optikapolgar.hu\\\/#organization\"},\"potentialAction\":[{\"@type\":\"SearchAction\",\"target\":{\"@type\":\"EntryPoint\",\"urlTemplate\":\"https:\\\/\\\/optikapolgar.hu\\\/?s={search_term_string}\"},\"query-input\":{\"@type\":\"PropertyValueSpecification\",\"valueRequired\":true,\"valueName\":\"search_term_string\"}}],\"inLanguage\":\"en-GB\"},{\"@type\":\"Organization\",\"@id\":\"https:\\\/\\\/optikapolgar.hu\\\/#organization\",\"name\":\"Polg\u00e1r Optika - L\u00e1t\u00e1sgondoz\u00e1s Szalon\",\"url\":\"https:\\\/\\\/optikapolgar.hu\\\/\",\"logo\":{\"@type\":\"ImageObject\",\"inLanguage\":\"en-GB\",\"@id\":\"https:\\\/\\\/optikapolgar.hu\\\/#\\\/schema\\\/logo\\\/image\\\/\",\"url\":\"https:\\\/\\\/optikapolgar.hu\\\/wp-content\\\/uploads\\\/2022\\\/06\\\/PolgarOptika_logo_arany.svg\",\"contentUrl\":\"https:\\\/\\\/optikapolgar.hu\\\/wp-content\\\/uploads\\\/2022\\\/06\\\/PolgarOptika_logo_arany.svg\",\"width\":206,\"height\":208,\"caption\":\"Polg\u00e1r Optika - L\u00e1t\u00e1sgondoz\u00e1s Szalon\"},\"image\":{\"@id\":\"https:\\\/\\\/optikapolgar.hu\\\/#\\\/schema\\\/logo\\\/image\\\/\"},\"sameAs\":[\"https:\\\/\\\/www.facebook.com\\\/polgaroptika\",\"https:\\\/\\\/instagram.com\\\/polgar_optika?igshid=YmMyMTA2M2Y=\"]},{\"@type\":\"Person\",\"@id\":\"https:\\\/\\\/optikapolgar.hu\\\/#\\\/schema\\\/person\\\/b1a7a97c2de15e63236abb7dbecf491b\",\"name\":\"Polg\u00e1r No\u00e9mi\",\"image\":{\"@type\":\"ImageObject\",\"inLanguage\":\"en-GB\",\"@id\":\"https:\\\/\\\/secure.gravatar.com\\\/avatar\\\/93726456d4745031f2d16af6191b6c7da6fdaf0b2cb6688943c665afd9b6ab27?s=96&d=mm&r=g\",\"url\":\"https:\\\/\\\/secure.gravatar.com\\\/avatar\\\/93726456d4745031f2d16af6191b6c7da6fdaf0b2cb6688943c665afd9b6ab27?s=96&d=mm&r=g\",\"contentUrl\":\"https:\\\/\\\/secure.gravatar.com\\\/avatar\\\/93726456d4745031f2d16af6191b6c7da6fdaf0b2cb6688943c665afd9b6ab27?s=96&d=mm&r=g\",\"caption\":\"Polg\u00e1r No\u00e9mi\"}}]}<\/script>\n<!-- \/ Yoast SEO Premium plugin. -->","yoast_head_json":{"title":"Pislogj! - Polg\u00e1r Optika - L\u00e1t\u00e1sgondoz\u00e1s Szalon","description":"Tudtad, h a pislog\u00e1s fontos szerepet j\u00e1tszik a szemeid eg\u00e9szs\u00e9g\u00e9nek meg\u0151rz\u00e9s\u00e9ben?Ha keveset pislogsz, akkor k\u00f6nnyen kisz\u00e1rad a szemfelsz\u00edned. A pislog\u00e1s felel ugyanis az\u00e9rt , hogy a szem nedves maradjon, ez biztos\u00edtja a szemfelsz\u00edn v\u00e9delm\u00e9t ak\u00e1r a k\u00f3rokoz\u00f3kkal szemben.Ha nem pislogsz eleget, tanulsz, vagy digit\u00e1lis kijelz\u0151t haszn\u00e1lsz, akkor kisz\u00e1rad a szemfelsz\u00edn. Ilyenkor elf\u00e1radhatnak a szemeid, rosszabb l\u00e1t\u00e1st \u00e9s fejf\u00e1j\u00e1st is tapasztalhatsz!Ha viszont sokat pislogsz, utalhat arra, hogy eleve sz\u00e1raz a szemed, nem megfelel\u0151 a k\u00f6nny\u00f6sszet\u00e9teled, vagy ak\u00e1r dioptri\u00e1ra van sz\u00fcks\u00e9ged.Ebben a t\u00e9m\u00e1ban is seg\u00edts\u00e9gedre vagyunk!V\u00e1runk szeretettel!","robots":{"index":"index","follow":"follow","max-snippet":"max-snippet:-1","max-image-preview":"max-image-preview:large","max-video-preview":"max-video-preview:-1"},"canonical":"https:\/\/optikapolgar.hu\/en\/pislogj\/","og_locale":"en_GB","og_type":"article","og_title":"Pislogj!","og_description":"Tudtad, h a pislog\u00e1s fontos szerepet j\u00e1tszik a szemeid eg\u00e9szs\u00e9g\u00e9nek meg\u0151rz\u00e9s\u00e9ben?Ha keveset pislogsz, akkor k\u00f6nnyen kisz\u00e1rad a szemfelsz\u00edned. A pislog\u00e1s felel ugyanis az\u00e9rt , hogy a szem nedves maradjon, ez biztos\u00edtja a szemfelsz\u00edn v\u00e9delm\u00e9t ak\u00e1r a k\u00f3rokoz\u00f3kkal szemben.Ha nem pislogsz eleget, tanulsz, vagy digit\u00e1lis kijelz\u0151t haszn\u00e1lsz, akkor kisz\u00e1rad a szemfelsz\u00edn. Ilyenkor elf\u00e1radhatnak a szemeid, rosszabb l\u00e1t\u00e1st \u00e9s fejf\u00e1j\u00e1st is tapasztalhatsz!Ha viszont sokat pislogsz, utalhat arra, hogy eleve sz\u00e1raz a szemed, nem megfelel\u0151 a k\u00f6nny\u00f6sszet\u00e9teled, vagy ak\u00e1r dioptri\u00e1ra van sz\u00fcks\u00e9ged.Ebben a t\u00e9m\u00e1ban is seg\u00edts\u00e9gedre vagyunk!V\u00e1runk szeretettel!","og_url":"https:\/\/optikapolgar.hu\/en\/pislogj\/","og_site_name":"Polg\u00e1r Optika - L\u00e1t\u00e1sgondoz\u00e1s Szalon","article_publisher":"https:\/\/www.facebook.com\/polgaroptika","article_published_time":"2024-11-04T09:24:50+00:00","article_modified_time":"2025-02-04T09:56:52+00:00","og_image":[{"width":748,"height":420,"url":"https:\/\/optikapolgar.hu\/wp-content\/uploads\/2022\/12\/Szemszarazsag.jpg","type":"image\/jpeg"}],"author":"Polg\u00e1r No\u00e9mi","twitter_card":"summary_large_image","twitter_misc":{"Written by":"Polg\u00e1r No\u00e9mi","Estimated reading time":"1 minute"},"schema":{"@context":"https:\/\/schema.org","@graph":[{"@type":"Article","@id":"https:\/\/optikapolgar.hu\/pislogj\/#article","isPartOf":{"@id":"https:\/\/optikapolgar.hu\/pislogj\/"},"author":{"name":"Polg\u00e1r No\u00e9mi","@id":"https:\/\/optikapolgar.hu\/#\/schema\/person\/b1a7a97c2de15e63236abb7dbecf491b"},"headline":"Pislogj!","datePublished":"2024-11-04T09:24:50+00:00","dateModified":"2025-02-04T09:56:52+00:00","mainEntityOfPage":{"@id":"https:\/\/optikapolgar.hu\/pislogj\/"},"wordCount":133,"publisher":{"@id":"https:\/\/optikapolgar.hu\/#organization"},"image":{"@id":"https:\/\/optikapolgar.hu\/pislogj\/#primaryimage"},"thumbnailUrl":"https:\/\/optikapolgar.hu\/wp-content\/uploads\/2022\/12\/Szemszarazsag.jpg","articleSection":["Egy\u00e9b kateg\u00f3ria"],"inLanguage":"en-GB"},{"@type":"WebPage","@id":"https:\/\/optikapolgar.hu\/pislogj\/","url":"https:\/\/optikapolgar.hu\/pislogj\/","name":"Pislogj! - Polg\u00e1r Optika - L\u00e1t\u00e1sgondoz\u00e1s Szalon","isPartOf":{"@id":"https:\/\/optikapolgar.hu\/#website"},"primaryImageOfPage":{"@id":"https:\/\/optikapolgar.hu\/pislogj\/#primaryimage"},"image":{"@id":"https:\/\/optikapolgar.hu\/pislogj\/#primaryimage"},"thumbnailUrl":"https:\/\/optikapolgar.hu\/wp-content\/uploads\/2022\/12\/Szemszarazsag.jpg","datePublished":"2024-11-04T09:24:50+00:00","dateModified":"2025-02-04T09:56:52+00:00","description":"Tudtad, h a pislog\u00e1s fontos szerepet j\u00e1tszik a szemeid eg\u00e9szs\u00e9g\u00e9nek meg\u0151rz\u00e9s\u00e9ben?Ha keveset pislogsz, akkor k\u00f6nnyen kisz\u00e1rad a szemfelsz\u00edned. A pislog\u00e1s felel ugyanis az\u00e9rt , hogy a szem nedves maradjon, ez biztos\u00edtja a szemfelsz\u00edn v\u00e9delm\u00e9t ak\u00e1r a k\u00f3rokoz\u00f3kkal szemben.Ha nem pislogsz eleget, tanulsz, vagy digit\u00e1lis kijelz\u0151t haszn\u00e1lsz, akkor kisz\u00e1rad a szemfelsz\u00edn. Ilyenkor elf\u00e1radhatnak a szemeid, rosszabb l\u00e1t\u00e1st \u00e9s fejf\u00e1j\u00e1st is tapasztalhatsz!Ha viszont sokat pislogsz, utalhat arra, hogy eleve sz\u00e1raz a szemed, nem megfelel\u0151 a k\u00f6nny\u00f6sszet\u00e9teled, vagy ak\u00e1r dioptri\u00e1ra van sz\u00fcks\u00e9ged.Ebben a t\u00e9m\u00e1ban is seg\u00edts\u00e9gedre vagyunk!V\u00e1runk szeretettel!","breadcrumb":{"@id":"https:\/\/optikapolgar.hu\/pislogj\/#breadcrumb"},"inLanguage":"en-GB","potentialAction":[{"@type":"ReadAction","target":["https:\/\/optikapolgar.hu\/pislogj\/"]}]},{"@type":"ImageObject","inLanguage":"en-GB","@id":"https:\/\/optikapolgar.hu\/pislogj\/#primaryimage","url":"https:\/\/optikapolgar.hu\/wp-content\/uploads\/2022\/12\/Szemszarazsag.jpg","contentUrl":"https:\/\/optikapolgar.hu\/wp-content\/uploads\/2022\/12\/Szemszarazsag.jpg","width":748,"height":420,"caption":"Szemsz\u00e1razs\u00e1g"},{"@type":"BreadcrumbList","@id":"https:\/\/optikapolgar.hu\/pislogj\/#breadcrumb","itemListElement":[{"@type":"ListItem","position":1,"name":"Home","item":"https:\/\/optikapolgar.hu\/"},{"@type":"ListItem","position":2,"name":"Pislogj!"}]},{"@type":"WebSite","@id":"https:\/\/optikapolgar.hu\/#website","url":"https:\/\/optikapolgar.hu\/","name":"Polg\u00e1r Optika - L\u00e1t\u00e1sgondoz\u00e1s Szalon","description":"Polgar Optics","publisher":{"@id":"https:\/\/optikapolgar.hu\/#organization"},"potentialAction":[{"@type":"SearchAction","target":{"@type":"EntryPoint","urlTemplate":"https:\/\/optikapolgar.hu\/?s={search_term_string}"},"query-input":{"@type":"PropertyValueSpecification","valueRequired":true,"valueName":"search_term_string"}}],"inLanguage":"en-GB"},{"@type":"Organization","@id":"https:\/\/optikapolgar.hu\/#organization","name":"Polg\u00e1r Optika - L\u00e1t\u00e1sgondoz\u00e1s Szalon","url":"https:\/\/optikapolgar.hu\/","logo":{"@type":"ImageObject","inLanguage":"en-GB","@id":"https:\/\/optikapolgar.hu\/#\/schema\/logo\/image\/","url":"https:\/\/optikapolgar.hu\/wp-content\/uploads\/2022\/06\/PolgarOptika_logo_arany.svg","contentUrl":"https:\/\/optikapolgar.hu\/wp-content\/uploads\/2022\/06\/PolgarOptika_logo_arany.svg","width":206,"height":208,"caption":"Polg\u00e1r Optika - L\u00e1t\u00e1sgondoz\u00e1s Szalon"},"image":{"@id":"https:\/\/optikapolgar.hu\/#\/schema\/logo\/image\/"},"sameAs":["https:\/\/www.facebook.com\/polgaroptika","https:\/\/instagram.com\/polgar_optika?igshid=YmMyMTA2M2Y="]},{"@type":"Person","@id":"https:\/\/optikapolgar.hu\/#\/schema\/person\/b1a7a97c2de15e63236abb7dbecf491b","name":"No\u00e9mi Polg\u00e1r","image":{"@type":"ImageObject","inLanguage":"en-GB","@id":"https:\/\/secure.gravatar.com\/avatar\/93726456d4745031f2d16af6191b6c7da6fdaf0b2cb6688943c665afd9b6ab27?s=96&d=mm&r=g","url":"https:\/\/secure.gravatar.com\/avatar\/93726456d4745031f2d16af6191b6c7da6fdaf0b2cb6688943c665afd9b6ab27?s=96&d=mm&r=g","contentUrl":"https:\/\/secure.gravatar.com\/avatar\/93726456d4745031f2d16af6191b6c7da6fdaf0b2cb6688943c665afd9b6ab27?s=96&d=mm&r=g","caption":"Polg\u00e1r No\u00e9mi"}}]}},"_links":{"self":[{"href":"https:\/\/optikapolgar.hu\/en\/wp-json\/wp\/v2\/posts\/2803","targetHints":{"allow":["GET"]}}],"collection":[{"href":"https:\/\/optikapolgar.hu\/en\/wp-json\/wp\/v2\/posts"}],"about":[{"href":"https:\/\/optikapolgar.hu\/en\/wp-json\/wp\/v2\/types\/post"}],"author":[{"embeddable":true,"href":"https:\/\/optikapolgar.hu\/en\/wp-json\/wp\/v2\/users\/3"}],"replies":[{"embeddable":true,"href":"https:\/\/optikapolgar.hu\/en\/wp-json\/wp\/v2\/comments?post=2803"}],"version-history":[{"count":1,"href":"https:\/\/optikapolgar.hu\/en\/wp-json\/wp\/v2\/posts\/2803\/revisions"}],"predecessor-version":[{"id":2804,"href":"https:\/\/optikapolgar.hu\/en\/wp-json\/wp\/v2\/posts\/2803\/revisions\/2804"}],"wp:featuredmedia":[{"embeddable":true,"href":"https:\/\/optikapolgar.hu\/en\/wp-json\/wp\/v2\/media\/1911"}],"wp:attachment":[{"href":"https:\/\/optikapolgar.hu\/en\/wp-json\/wp\/v2\/media?parent=2803"}],"wp:term":[{"taxonomy":"category","embeddable":true,"href":"https:\/\/optikapolgar.hu\/en\/wp-json\/wp\/v2\/categories?post=2803"},{"taxonomy":"post_tag","embeddable":true,"href":"https:\/\/optikapolgar.hu\/en\/wp-json\/wp\/v2\/tags?post=2803"}],"curies":[{"name":"wp","href":"https:\/\/api.w.org\/{rel}","templated":true}]}}