{"id":2848,"date":"2025-01-27T12:12:43","date_gmt":"2025-01-27T11:12:43","guid":{"rendered":"https:\/\/optikapolgar.hu\/?p=2848"},"modified":"2025-02-04T10:56:51","modified_gmt":"2025-02-04T09:56:51","slug":"dry-eyes-2","status":"publish","type":"post","link":"https:\/\/optikapolgar.hu\/en\/szaraz-szem\/","title":{"rendered":"DRY EYE"},"content":{"rendered":"<p>A k\u00f6nnyfilm\u00fcnk stabilit\u00e1sa nagyon fontos. A k\u00f6nny ugyanis a szemgoly\u00f3 k\u00fcls\u0151 felsz\u00edn\u00e9t bor\u00edtja, \u00edgy felel annak nedvesen tart\u00e1s\u00e1\u00e9rt \u00e9s v\u00e9delm\u00e9\u00e9rt. Antibakteri\u00e1lis hat\u00e1sa miatt v\u00e9d a fert\u0151z\u00e9sek ellen, de stabilit\u00e1sa elengedhetetlen a j\u00f3 l\u00e1t\u00e1shoz is!<\/p>\n\n\n\n<p>Ha cs\u00f6kken a k\u00f6nnytermel\u00e9s, vagy megv\u00e1ltozik az \u00f6sszet\u00e9tele, szem\u00fcnk kisz\u00e1radhat. A tipikus sz\u00e1raz-szem id\u0151sebb korban gyakoribb, \u00e1m enyhe form\u00e1j\u00e1t vitaminhi\u00e1ny, cigarettaf\u00fcst, gy\u00f3gyszerek, autoimmun betegs\u00e9gek, hormon\u00e1lis v\u00e1ltoz\u00e1sok is kiv\u00e1lthatj\u00e1k!<\/p>\n\n\n\n<p>Ha azt \u00e9rzed, hogy szemeid pirosak, \u00e9gnek, viszketnek, f\u00e9ny\u00e9rz\u00e9kenyebb vagy, n\u00e9ha hom\u00e1lyosan l\u00e1tsz, ezek t\u00fcnetei lehetnek a szemsz\u00e1razs\u00e1gnak.<\/p>\n\n\n\n<p>Javasoljuk a k\u00f6nnyfilm vizsg\u00e1lat\u00e1t, ami ugyan p\u00e1r perces m\u0171velet, \u00e1m v\u00e1laszt adhat a panaszaidra.<\/p>\n\n\n\n<p>Ha val\u00f3ban csak a k\u00f6nnyfilmedet sz\u00fcks\u00e9ges rendbe hozni \u2013 mert hasonl\u00f3 panaszokat okozhat pl. dioptriahi\u00e1ny, allergia \u2013 kiv\u00e1l\u00f3 szemcseppek \u00e1llnak rendelkez\u00e9sre, melyek m\u00e1r tart\u00f3s\u00edt\u00f3szer mentes v\u00e1ltozatban is kaphat\u00f3ak!<\/p>\n\n\n\n<p>Szalonunkban is el\u00e9rhet\u0151k kiv\u00e1l\u00f3 min\u0151s\u00e9g\u0171 k\u00f6nnyp\u00f3tl\u00f3k, ezek haszn\u00e1lat\u00e1val kapcsolatban keress minket bizalommal!<\/p>\n\n\n\n<p>Szeretettel v\u00e1runk!<\/p>","protected":false},"excerpt":{"rendered":"<p>A k\u00f6nnyfilm\u00fcnk stabilit\u00e1sa nagyon fontos. A k\u00f6nny ugyanis a szemgoly\u00f3 k\u00fcls\u0151 felsz\u00edn\u00e9t bor\u00edtja, \u00edgy felel annak nedvesen tart\u00e1s\u00e1\u00e9rt \u00e9s v\u00e9delm\u00e9\u00e9rt. Antibakteri\u00e1lis hat\u00e1sa miatt v\u00e9d a fert\u0151z\u00e9sek ellen, de stabilit\u00e1sa elengedhetetlen a j\u00f3 l\u00e1t\u00e1shoz is! Ha cs\u00f6kken a k\u00f6nnytermel\u00e9s, vagy megv\u00e1ltozik az \u00f6sszet\u00e9tele, szem\u00fcnk kisz\u00e1radhat. A tipikus sz\u00e1raz-szem id\u0151sebb korban gyakoribb, \u00e1m enyhe form\u00e1j\u00e1t vitaminhi\u00e1ny, cigarettaf\u00fcst, [&hellip;]<\/p>\n","protected":false},"author":3,"featured_media":2849,"comment_status":"closed","ping_status":"open","sticky":false,"template":"","format":"standard","meta":{"footnotes":""},"categories":[1],"tags":[],"class_list":["post-2848","post","type-post","status-publish","format-standard","has-post-thumbnail","hentry","category-egyeb"],"yoast_head":"<!-- This site is optimized with the Yoast SEO Premium plugin v27.2 (Yoast SEO v27.3) - https:\/\/yoast.com\/product\/yoast-seo-premium-wordpress\/ -->\n<title>SZ\u00c1RAZ SZEM - Polg\u00e1r Optika - L\u00e1t\u00e1sgondoz\u00e1s Szalon<\/title>\n<meta name=\"description\" content=\"A k\u00f6nnyfilm\u00fcnk stabilit\u00e1sa nagyon fontos. A k\u00f6nny ugyanis a szemgoly\u00f3 k\u00fcls\u0151 felsz\u00edn\u00e9t bor\u00edtja, \u00edgy felel annak nedvesen tart\u00e1s\u00e1\u00e9rt \u00e9s v\u00e9delm\u00e9\u00e9rt. Antibakteri\u00e1lis hat\u00e1sa miatt v\u00e9d a fert\u0151z\u00e9sek ellen, de stabilit\u00e1sa elengedhetetlen a j\u00f3 l\u00e1t\u00e1shoz is!Ha cs\u00f6kken a k\u00f6nnytermel\u00e9s, vagy megv\u00e1ltozik az \u00f6sszet\u00e9tele, szem\u00fcnk kisz\u00e1radhat. A tipikus sz\u00e1raz-szem id\u0151sebb korban gyakoribb, \u00e1m enyhe form\u00e1j\u00e1t vitaminhi\u00e1ny, cigarettaf\u00fcst, gy\u00f3gyszerek, autoimmun betegs\u00e9gek, hormon\u00e1lis v\u00e1ltoz\u00e1sok is kiv\u00e1lthatj\u00e1k!Ha azt \u00e9rzed, hogy szemeid pirosak, \u00e9gnek, viszketnek, f\u00e9ny\u00e9rz\u00e9kenyebb vagy, n\u00e9ha hom\u00e1lyosan l\u00e1tsz, ezek t\u00fcnetei lehetnek a szemsz\u00e1razs\u00e1gnak.Javasoljuk a k\u00f6nnyfilm vizsg\u00e1lat\u00e1t, ami ugyan p\u00e1r perces m\u0171velet, \u00e1m v\u00e1laszt adhat a panaszaidra.Ha val\u00f3ban csak a k\u00f6nnyfilmedet sz\u00fcks\u00e9ges rendbe hozni \u2013 mert hasonl\u00f3 panaszokat okozhat pl. dioptriahi\u00e1ny, allergia \u2013 kiv\u00e1l\u00f3 szemcseppek \u00e1llnak rendelkez\u00e9sre, melyek m\u00e1r tart\u00f3s\u00edt\u00f3szer mentes v\u00e1ltozatban is kaphat\u00f3ak!Szalonunkban is el\u00e9rhet\u0151k kiv\u00e1l\u00f3 min\u0151s\u00e9g\u0171 k\u00f6nnyp\u00f3tl\u00f3k, ezek haszn\u00e1lat\u00e1val kapcsolatban keress minket bizalommal!\" \/>\n<meta name=\"robots\" content=\"index, follow, max-snippet:-1, max-image-preview:large, max-video-preview:-1\" \/>\n<link rel=\"canonical\" href=\"https:\/\/optikapolgar.hu\/en\/dry-eyes-2\/\" \/>\n<meta property=\"og:locale\" content=\"en_GB\" \/>\n<meta property=\"og:type\" content=\"article\" \/>\n<meta property=\"og:title\" content=\"SZ\u00c1RAZ SZEM\" \/>\n<meta property=\"og:description\" content=\"A k\u00f6nnyfilm\u00fcnk stabilit\u00e1sa nagyon fontos. A k\u00f6nny ugyanis a szemgoly\u00f3 k\u00fcls\u0151 felsz\u00edn\u00e9t bor\u00edtja, \u00edgy felel annak nedvesen tart\u00e1s\u00e1\u00e9rt \u00e9s v\u00e9delm\u00e9\u00e9rt. Antibakteri\u00e1lis hat\u00e1sa miatt v\u00e9d a fert\u0151z\u00e9sek ellen, de stabilit\u00e1sa elengedhetetlen a j\u00f3 l\u00e1t\u00e1shoz is!Ha cs\u00f6kken a k\u00f6nnytermel\u00e9s, vagy megv\u00e1ltozik az \u00f6sszet\u00e9tele, szem\u00fcnk kisz\u00e1radhat. A tipikus sz\u00e1raz-szem id\u0151sebb korban gyakoribb, \u00e1m enyhe form\u00e1j\u00e1t vitaminhi\u00e1ny, cigarettaf\u00fcst, gy\u00f3gyszerek, autoimmun betegs\u00e9gek, hormon\u00e1lis v\u00e1ltoz\u00e1sok is kiv\u00e1lthatj\u00e1k!Ha azt \u00e9rzed, hogy szemeid pirosak, \u00e9gnek, viszketnek, f\u00e9ny\u00e9rz\u00e9kenyebb vagy, n\u00e9ha hom\u00e1lyosan l\u00e1tsz, ezek t\u00fcnetei lehetnek a szemsz\u00e1razs\u00e1gnak.Javasoljuk a k\u00f6nnyfilm vizsg\u00e1lat\u00e1t, ami ugyan p\u00e1r perces m\u0171velet, \u00e1m v\u00e1laszt adhat a panaszaidra.Ha val\u00f3ban csak a k\u00f6nnyfilmedet sz\u00fcks\u00e9ges rendbe hozni \u2013 mert hasonl\u00f3 panaszokat okozhat pl. dioptriahi\u00e1ny, allergia \u2013 kiv\u00e1l\u00f3 szemcseppek \u00e1llnak rendelkez\u00e9sre, melyek m\u00e1r tart\u00f3s\u00edt\u00f3szer mentes v\u00e1ltozatban is kaphat\u00f3ak!Szalonunkban is el\u00e9rhet\u0151k kiv\u00e1l\u00f3 min\u0151s\u00e9g\u0171 k\u00f6nnyp\u00f3tl\u00f3k, ezek haszn\u00e1lat\u00e1val kapcsolatban keress minket bizalommal!\" \/>\n<meta property=\"og:url\" content=\"https:\/\/optikapolgar.hu\/en\/dry-eyes-2\/\" \/>\n<meta property=\"og:site_name\" content=\"Polg\u00e1r Optika - L\u00e1t\u00e1sgondoz\u00e1s Szalon\" \/>\n<meta property=\"article:publisher\" content=\"https:\/\/www.facebook.com\/polgaroptika\" \/>\n<meta property=\"article:published_time\" content=\"2025-01-27T11:12:43+00:00\" \/>\n<meta property=\"article:modified_time\" content=\"2025-02-04T09:56:51+00:00\" \/>\n<meta property=\"og:image\" content=\"https:\/\/optikapolgar.hu\/wp-content\/uploads\/2025\/01\/cseppek-800x400-1.jpg\" \/>\n\t<meta property=\"og:image:width\" content=\"800\" \/>\n\t<meta property=\"og:image:height\" content=\"400\" \/>\n\t<meta property=\"og:image:type\" content=\"image\/jpeg\" \/>\n<meta name=\"author\" content=\"Polg\u00e1r No\u00e9mi\" \/>\n<meta name=\"twitter:card\" content=\"summary_large_image\" \/>\n<meta name=\"twitter:label1\" content=\"Written by\" \/>\n\t<meta name=\"twitter:data1\" content=\"Polg\u00e1r No\u00e9mi\" \/>\n\t<meta name=\"twitter:label2\" content=\"Estimated reading time\" \/>\n\t<meta name=\"twitter:data2\" content=\"1 minute\" \/>\n<script type=\"application\/ld+json\" class=\"yoast-schema-graph\">{\"@context\":\"https:\\\/\\\/schema.org\",\"@graph\":[{\"@type\":\"Article\",\"@id\":\"https:\\\/\\\/optikapolgar.hu\\\/szaraz-szem\\\/#article\",\"isPartOf\":{\"@id\":\"https:\\\/\\\/optikapolgar.hu\\\/szaraz-szem\\\/\"},\"author\":{\"name\":\"Polg\u00e1r No\u00e9mi\",\"@id\":\"https:\\\/\\\/optikapolgar.hu\\\/#\\\/schema\\\/person\\\/b1a7a97c2de15e63236abb7dbecf491b\"},\"headline\":\"SZ\u00c1RAZ SZEM\",\"datePublished\":\"2025-01-27T11:12:43+00:00\",\"dateModified\":\"2025-02-04T09:56:51+00:00\",\"mainEntityOfPage\":{\"@id\":\"https:\\\/\\\/optikapolgar.hu\\\/szaraz-szem\\\/\"},\"wordCount\":216,\"publisher\":{\"@id\":\"https:\\\/\\\/optikapolgar.hu\\\/#organization\"},\"image\":{\"@id\":\"https:\\\/\\\/optikapolgar.hu\\\/szaraz-szem\\\/#primaryimage\"},\"thumbnailUrl\":\"https:\\\/\\\/optikapolgar.hu\\\/wp-content\\\/uploads\\\/2025\\\/01\\\/cseppek-800x400-1.jpg\",\"articleSection\":[\"Egy\u00e9b kateg\u00f3ria\"],\"inLanguage\":\"en-GB\"},{\"@type\":\"WebPage\",\"@id\":\"https:\\\/\\\/optikapolgar.hu\\\/szaraz-szem\\\/\",\"url\":\"https:\\\/\\\/optikapolgar.hu\\\/szaraz-szem\\\/\",\"name\":\"SZ\u00c1RAZ SZEM - Polg\u00e1r Optika - L\u00e1t\u00e1sgondoz\u00e1s Szalon\",\"isPartOf\":{\"@id\":\"https:\\\/\\\/optikapolgar.hu\\\/#website\"},\"primaryImageOfPage\":{\"@id\":\"https:\\\/\\\/optikapolgar.hu\\\/szaraz-szem\\\/#primaryimage\"},\"image\":{\"@id\":\"https:\\\/\\\/optikapolgar.hu\\\/szaraz-szem\\\/#primaryimage\"},\"thumbnailUrl\":\"https:\\\/\\\/optikapolgar.hu\\\/wp-content\\\/uploads\\\/2025\\\/01\\\/cseppek-800x400-1.jpg\",\"datePublished\":\"2025-01-27T11:12:43+00:00\",\"dateModified\":\"2025-02-04T09:56:51+00:00\",\"description\":\"A k\u00f6nnyfilm\u00fcnk stabilit\u00e1sa nagyon fontos. A k\u00f6nny ugyanis a szemgoly\u00f3 k\u00fcls\u0151 felsz\u00edn\u00e9t bor\u00edtja, \u00edgy felel annak nedvesen tart\u00e1s\u00e1\u00e9rt \u00e9s v\u00e9delm\u00e9\u00e9rt. Antibakteri\u00e1lis hat\u00e1sa miatt v\u00e9d a fert\u0151z\u00e9sek ellen, de stabilit\u00e1sa elengedhetetlen a j\u00f3 l\u00e1t\u00e1shoz is!Ha cs\u00f6kken a k\u00f6nnytermel\u00e9s, vagy megv\u00e1ltozik az \u00f6sszet\u00e9tele, szem\u00fcnk kisz\u00e1radhat. A tipikus sz\u00e1raz-szem id\u0151sebb korban gyakoribb, \u00e1m enyhe form\u00e1j\u00e1t vitaminhi\u00e1ny, cigarettaf\u00fcst, gy\u00f3gyszerek, autoimmun betegs\u00e9gek, hormon\u00e1lis v\u00e1ltoz\u00e1sok is kiv\u00e1lthatj\u00e1k!Ha azt \u00e9rzed, hogy szemeid pirosak, \u00e9gnek, viszketnek, f\u00e9ny\u00e9rz\u00e9kenyebb vagy, n\u00e9ha hom\u00e1lyosan l\u00e1tsz, ezek t\u00fcnetei lehetnek a szemsz\u00e1razs\u00e1gnak.Javasoljuk a k\u00f6nnyfilm vizsg\u00e1lat\u00e1t, ami ugyan p\u00e1r perces m\u0171velet, \u00e1m v\u00e1laszt adhat a panaszaidra.Ha val\u00f3ban csak a k\u00f6nnyfilmedet sz\u00fcks\u00e9ges rendbe hozni \u2013 mert hasonl\u00f3 panaszokat okozhat pl. dioptriahi\u00e1ny, allergia \u2013 kiv\u00e1l\u00f3 szemcseppek \u00e1llnak rendelkez\u00e9sre, melyek m\u00e1r tart\u00f3s\u00edt\u00f3szer mentes v\u00e1ltozatban is kaphat\u00f3ak!Szalonunkban is el\u00e9rhet\u0151k kiv\u00e1l\u00f3 min\u0151s\u00e9g\u0171 k\u00f6nnyp\u00f3tl\u00f3k, ezek haszn\u00e1lat\u00e1val kapcsolatban keress minket bizalommal!\",\"breadcrumb\":{\"@id\":\"https:\\\/\\\/optikapolgar.hu\\\/szaraz-szem\\\/#breadcrumb\"},\"inLanguage\":\"en-GB\",\"potentialAction\":[{\"@type\":\"ReadAction\",\"target\":[\"https:\\\/\\\/optikapolgar.hu\\\/szaraz-szem\\\/\"]}]},{\"@type\":\"ImageObject\",\"inLanguage\":\"en-GB\",\"@id\":\"https:\\\/\\\/optikapolgar.hu\\\/szaraz-szem\\\/#primaryimage\",\"url\":\"https:\\\/\\\/optikapolgar.hu\\\/wp-content\\\/uploads\\\/2025\\\/01\\\/cseppek-800x400-1.jpg\",\"contentUrl\":\"https:\\\/\\\/optikapolgar.hu\\\/wp-content\\\/uploads\\\/2025\\\/01\\\/cseppek-800x400-1.jpg\",\"width\":800,\"height\":400,\"caption\":\"szemcsepp\"},{\"@type\":\"BreadcrumbList\",\"@id\":\"https:\\\/\\\/optikapolgar.hu\\\/szaraz-szem\\\/#breadcrumb\",\"itemListElement\":[{\"@type\":\"ListItem\",\"position\":1,\"name\":\"Home\",\"item\":\"https:\\\/\\\/optikapolgar.hu\\\/\"},{\"@type\":\"ListItem\",\"position\":2,\"name\":\"SZ\u00c1RAZ SZEM\"}]},{\"@type\":\"WebSite\",\"@id\":\"https:\\\/\\\/optikapolgar.hu\\\/#website\",\"url\":\"https:\\\/\\\/optikapolgar.hu\\\/\",\"name\":\"Polg\u00e1r Optika - L\u00e1t\u00e1sgondoz\u00e1s Szalon\",\"description\":\"Polg\u00e1r Optika\",\"publisher\":{\"@id\":\"https:\\\/\\\/optikapolgar.hu\\\/#organization\"},\"potentialAction\":[{\"@type\":\"SearchAction\",\"target\":{\"@type\":\"EntryPoint\",\"urlTemplate\":\"https:\\\/\\\/optikapolgar.hu\\\/?s={search_term_string}\"},\"query-input\":{\"@type\":\"PropertyValueSpecification\",\"valueRequired\":true,\"valueName\":\"search_term_string\"}}],\"inLanguage\":\"en-GB\"},{\"@type\":\"Organization\",\"@id\":\"https:\\\/\\\/optikapolgar.hu\\\/#organization\",\"name\":\"Polg\u00e1r Optika - L\u00e1t\u00e1sgondoz\u00e1s Szalon\",\"url\":\"https:\\\/\\\/optikapolgar.hu\\\/\",\"logo\":{\"@type\":\"ImageObject\",\"inLanguage\":\"en-GB\",\"@id\":\"https:\\\/\\\/optikapolgar.hu\\\/#\\\/schema\\\/logo\\\/image\\\/\",\"url\":\"https:\\\/\\\/optikapolgar.hu\\\/wp-content\\\/uploads\\\/2022\\\/06\\\/PolgarOptika_logo_arany.svg\",\"contentUrl\":\"https:\\\/\\\/optikapolgar.hu\\\/wp-content\\\/uploads\\\/2022\\\/06\\\/PolgarOptika_logo_arany.svg\",\"width\":206,\"height\":208,\"caption\":\"Polg\u00e1r Optika - L\u00e1t\u00e1sgondoz\u00e1s Szalon\"},\"image\":{\"@id\":\"https:\\\/\\\/optikapolgar.hu\\\/#\\\/schema\\\/logo\\\/image\\\/\"},\"sameAs\":[\"https:\\\/\\\/www.facebook.com\\\/polgaroptika\",\"https:\\\/\\\/instagram.com\\\/polgar_optika?igshid=YmMyMTA2M2Y=\"]},{\"@type\":\"Person\",\"@id\":\"https:\\\/\\\/optikapolgar.hu\\\/#\\\/schema\\\/person\\\/b1a7a97c2de15e63236abb7dbecf491b\",\"name\":\"Polg\u00e1r No\u00e9mi\",\"image\":{\"@type\":\"ImageObject\",\"inLanguage\":\"en-GB\",\"@id\":\"https:\\\/\\\/secure.gravatar.com\\\/avatar\\\/93726456d4745031f2d16af6191b6c7da6fdaf0b2cb6688943c665afd9b6ab27?s=96&d=mm&r=g\",\"url\":\"https:\\\/\\\/secure.gravatar.com\\\/avatar\\\/93726456d4745031f2d16af6191b6c7da6fdaf0b2cb6688943c665afd9b6ab27?s=96&d=mm&r=g\",\"contentUrl\":\"https:\\\/\\\/secure.gravatar.com\\\/avatar\\\/93726456d4745031f2d16af6191b6c7da6fdaf0b2cb6688943c665afd9b6ab27?s=96&d=mm&r=g\",\"caption\":\"Polg\u00e1r No\u00e9mi\"}}]}<\/script>\n<!-- \/ Yoast SEO Premium plugin. -->","yoast_head_json":{"title":"SZ\u00c1RAZ SZEM - Polg\u00e1r Optika - L\u00e1t\u00e1sgondoz\u00e1s Szalon","description":"A k\u00f6nnyfilm\u00fcnk stabilit\u00e1sa nagyon fontos. A k\u00f6nny ugyanis a szemgoly\u00f3 k\u00fcls\u0151 felsz\u00edn\u00e9t bor\u00edtja, \u00edgy felel annak nedvesen tart\u00e1s\u00e1\u00e9rt \u00e9s v\u00e9delm\u00e9\u00e9rt. Antibakteri\u00e1lis hat\u00e1sa miatt v\u00e9d a fert\u0151z\u00e9sek ellen, de stabilit\u00e1sa elengedhetetlen a j\u00f3 l\u00e1t\u00e1shoz is!Ha cs\u00f6kken a k\u00f6nnytermel\u00e9s, vagy megv\u00e1ltozik az \u00f6sszet\u00e9tele, szem\u00fcnk kisz\u00e1radhat. A tipikus sz\u00e1raz-szem id\u0151sebb korban gyakoribb, \u00e1m enyhe form\u00e1j\u00e1t vitaminhi\u00e1ny, cigarettaf\u00fcst, gy\u00f3gyszerek, autoimmun betegs\u00e9gek, hormon\u00e1lis v\u00e1ltoz\u00e1sok is kiv\u00e1lthatj\u00e1k!Ha azt \u00e9rzed, hogy szemeid pirosak, \u00e9gnek, viszketnek, f\u00e9ny\u00e9rz\u00e9kenyebb vagy, n\u00e9ha hom\u00e1lyosan l\u00e1tsz, ezek t\u00fcnetei lehetnek a szemsz\u00e1razs\u00e1gnak.Javasoljuk a k\u00f6nnyfilm vizsg\u00e1lat\u00e1t, ami ugyan p\u00e1r perces m\u0171velet, \u00e1m v\u00e1laszt adhat a panaszaidra.Ha val\u00f3ban csak a k\u00f6nnyfilmedet sz\u00fcks\u00e9ges rendbe hozni \u2013 mert hasonl\u00f3 panaszokat okozhat pl. dioptriahi\u00e1ny, allergia \u2013 kiv\u00e1l\u00f3 szemcseppek \u00e1llnak rendelkez\u00e9sre, melyek m\u00e1r tart\u00f3s\u00edt\u00f3szer mentes v\u00e1ltozatban is kaphat\u00f3ak!Szalonunkban is el\u00e9rhet\u0151k kiv\u00e1l\u00f3 min\u0151s\u00e9g\u0171 k\u00f6nnyp\u00f3tl\u00f3k, ezek haszn\u00e1lat\u00e1val kapcsolatban keress minket bizalommal!","robots":{"index":"index","follow":"follow","max-snippet":"max-snippet:-1","max-image-preview":"max-image-preview:large","max-video-preview":"max-video-preview:-1"},"canonical":"https:\/\/optikapolgar.hu\/en\/dry-eyes-2\/","og_locale":"en_GB","og_type":"article","og_title":"SZ\u00c1RAZ SZEM","og_description":"A k\u00f6nnyfilm\u00fcnk stabilit\u00e1sa nagyon fontos. A k\u00f6nny ugyanis a szemgoly\u00f3 k\u00fcls\u0151 felsz\u00edn\u00e9t bor\u00edtja, \u00edgy felel annak nedvesen tart\u00e1s\u00e1\u00e9rt \u00e9s v\u00e9delm\u00e9\u00e9rt. Antibakteri\u00e1lis hat\u00e1sa miatt v\u00e9d a fert\u0151z\u00e9sek ellen, de stabilit\u00e1sa elengedhetetlen a j\u00f3 l\u00e1t\u00e1shoz is!Ha cs\u00f6kken a k\u00f6nnytermel\u00e9s, vagy megv\u00e1ltozik az \u00f6sszet\u00e9tele, szem\u00fcnk kisz\u00e1radhat. A tipikus sz\u00e1raz-szem id\u0151sebb korban gyakoribb, \u00e1m enyhe form\u00e1j\u00e1t vitaminhi\u00e1ny, cigarettaf\u00fcst, gy\u00f3gyszerek, autoimmun betegs\u00e9gek, hormon\u00e1lis v\u00e1ltoz\u00e1sok is kiv\u00e1lthatj\u00e1k!Ha azt \u00e9rzed, hogy szemeid pirosak, \u00e9gnek, viszketnek, f\u00e9ny\u00e9rz\u00e9kenyebb vagy, n\u00e9ha hom\u00e1lyosan l\u00e1tsz, ezek t\u00fcnetei lehetnek a szemsz\u00e1razs\u00e1gnak.Javasoljuk a k\u00f6nnyfilm vizsg\u00e1lat\u00e1t, ami ugyan p\u00e1r perces m\u0171velet, \u00e1m v\u00e1laszt adhat a panaszaidra.Ha val\u00f3ban csak a k\u00f6nnyfilmedet sz\u00fcks\u00e9ges rendbe hozni \u2013 mert hasonl\u00f3 panaszokat okozhat pl. dioptriahi\u00e1ny, allergia \u2013 kiv\u00e1l\u00f3 szemcseppek \u00e1llnak rendelkez\u00e9sre, melyek m\u00e1r tart\u00f3s\u00edt\u00f3szer mentes v\u00e1ltozatban is kaphat\u00f3ak!Szalonunkban is el\u00e9rhet\u0151k kiv\u00e1l\u00f3 min\u0151s\u00e9g\u0171 k\u00f6nnyp\u00f3tl\u00f3k, ezek haszn\u00e1lat\u00e1val kapcsolatban keress minket bizalommal!","og_url":"https:\/\/optikapolgar.hu\/en\/dry-eyes-2\/","og_site_name":"Polg\u00e1r Optika - L\u00e1t\u00e1sgondoz\u00e1s Szalon","article_publisher":"https:\/\/www.facebook.com\/polgaroptika","article_published_time":"2025-01-27T11:12:43+00:00","article_modified_time":"2025-02-04T09:56:51+00:00","og_image":[{"width":800,"height":400,"url":"https:\/\/optikapolgar.hu\/wp-content\/uploads\/2025\/01\/cseppek-800x400-1.jpg","type":"image\/jpeg"}],"author":"Polg\u00e1r No\u00e9mi","twitter_card":"summary_large_image","twitter_misc":{"Written by":"Polg\u00e1r No\u00e9mi","Estimated reading time":"1 minute"},"schema":{"@context":"https:\/\/schema.org","@graph":[{"@type":"Article","@id":"https:\/\/optikapolgar.hu\/szaraz-szem\/#article","isPartOf":{"@id":"https:\/\/optikapolgar.hu\/szaraz-szem\/"},"author":{"name":"Polg\u00e1r No\u00e9mi","@id":"https:\/\/optikapolgar.hu\/#\/schema\/person\/b1a7a97c2de15e63236abb7dbecf491b"},"headline":"SZ\u00c1RAZ SZEM","datePublished":"2025-01-27T11:12:43+00:00","dateModified":"2025-02-04T09:56:51+00:00","mainEntityOfPage":{"@id":"https:\/\/optikapolgar.hu\/szaraz-szem\/"},"wordCount":216,"publisher":{"@id":"https:\/\/optikapolgar.hu\/#organization"},"image":{"@id":"https:\/\/optikapolgar.hu\/szaraz-szem\/#primaryimage"},"thumbnailUrl":"https:\/\/optikapolgar.hu\/wp-content\/uploads\/2025\/01\/cseppek-800x400-1.jpg","articleSection":["Egy\u00e9b kateg\u00f3ria"],"inLanguage":"en-GB"},{"@type":"WebPage","@id":"https:\/\/optikapolgar.hu\/szaraz-szem\/","url":"https:\/\/optikapolgar.hu\/szaraz-szem\/","name":"SZ\u00c1RAZ SZEM - Polg\u00e1r Optika - L\u00e1t\u00e1sgondoz\u00e1s Szalon","isPartOf":{"@id":"https:\/\/optikapolgar.hu\/#website"},"primaryImageOfPage":{"@id":"https:\/\/optikapolgar.hu\/szaraz-szem\/#primaryimage"},"image":{"@id":"https:\/\/optikapolgar.hu\/szaraz-szem\/#primaryimage"},"thumbnailUrl":"https:\/\/optikapolgar.hu\/wp-content\/uploads\/2025\/01\/cseppek-800x400-1.jpg","datePublished":"2025-01-27T11:12:43+00:00","dateModified":"2025-02-04T09:56:51+00:00","description":"A k\u00f6nnyfilm\u00fcnk stabilit\u00e1sa nagyon fontos. A k\u00f6nny ugyanis a szemgoly\u00f3 k\u00fcls\u0151 felsz\u00edn\u00e9t bor\u00edtja, \u00edgy felel annak nedvesen tart\u00e1s\u00e1\u00e9rt \u00e9s v\u00e9delm\u00e9\u00e9rt. Antibakteri\u00e1lis hat\u00e1sa miatt v\u00e9d a fert\u0151z\u00e9sek ellen, de stabilit\u00e1sa elengedhetetlen a j\u00f3 l\u00e1t\u00e1shoz is!Ha cs\u00f6kken a k\u00f6nnytermel\u00e9s, vagy megv\u00e1ltozik az \u00f6sszet\u00e9tele, szem\u00fcnk kisz\u00e1radhat. A tipikus sz\u00e1raz-szem id\u0151sebb korban gyakoribb, \u00e1m enyhe form\u00e1j\u00e1t vitaminhi\u00e1ny, cigarettaf\u00fcst, gy\u00f3gyszerek, autoimmun betegs\u00e9gek, hormon\u00e1lis v\u00e1ltoz\u00e1sok is kiv\u00e1lthatj\u00e1k!Ha azt \u00e9rzed, hogy szemeid pirosak, \u00e9gnek, viszketnek, f\u00e9ny\u00e9rz\u00e9kenyebb vagy, n\u00e9ha hom\u00e1lyosan l\u00e1tsz, ezek t\u00fcnetei lehetnek a szemsz\u00e1razs\u00e1gnak.Javasoljuk a k\u00f6nnyfilm vizsg\u00e1lat\u00e1t, ami ugyan p\u00e1r perces m\u0171velet, \u00e1m v\u00e1laszt adhat a panaszaidra.Ha val\u00f3ban csak a k\u00f6nnyfilmedet sz\u00fcks\u00e9ges rendbe hozni \u2013 mert hasonl\u00f3 panaszokat okozhat pl. dioptriahi\u00e1ny, allergia \u2013 kiv\u00e1l\u00f3 szemcseppek \u00e1llnak rendelkez\u00e9sre, melyek m\u00e1r tart\u00f3s\u00edt\u00f3szer mentes v\u00e1ltozatban is kaphat\u00f3ak!Szalonunkban is el\u00e9rhet\u0151k kiv\u00e1l\u00f3 min\u0151s\u00e9g\u0171 k\u00f6nnyp\u00f3tl\u00f3k, ezek haszn\u00e1lat\u00e1val kapcsolatban keress minket bizalommal!","breadcrumb":{"@id":"https:\/\/optikapolgar.hu\/szaraz-szem\/#breadcrumb"},"inLanguage":"en-GB","potentialAction":[{"@type":"ReadAction","target":["https:\/\/optikapolgar.hu\/szaraz-szem\/"]}]},{"@type":"ImageObject","inLanguage":"en-GB","@id":"https:\/\/optikapolgar.hu\/szaraz-szem\/#primaryimage","url":"https:\/\/optikapolgar.hu\/wp-content\/uploads\/2025\/01\/cseppek-800x400-1.jpg","contentUrl":"https:\/\/optikapolgar.hu\/wp-content\/uploads\/2025\/01\/cseppek-800x400-1.jpg","width":800,"height":400,"caption":"szemcsepp"},{"@type":"BreadcrumbList","@id":"https:\/\/optikapolgar.hu\/szaraz-szem\/#breadcrumb","itemListElement":[{"@type":"ListItem","position":1,"name":"Home","item":"https:\/\/optikapolgar.hu\/"},{"@type":"ListItem","position":2,"name":"SZ\u00c1RAZ SZEM"}]},{"@type":"WebSite","@id":"https:\/\/optikapolgar.hu\/#website","url":"https:\/\/optikapolgar.hu\/","name":"Polg\u00e1r Optika - L\u00e1t\u00e1sgondoz\u00e1s Szalon","description":"Polgar Optics","publisher":{"@id":"https:\/\/optikapolgar.hu\/#organization"},"potentialAction":[{"@type":"SearchAction","target":{"@type":"EntryPoint","urlTemplate":"https:\/\/optikapolgar.hu\/?s={search_term_string}"},"query-input":{"@type":"PropertyValueSpecification","valueRequired":true,"valueName":"search_term_string"}}],"inLanguage":"en-GB"},{"@type":"Organization","@id":"https:\/\/optikapolgar.hu\/#organization","name":"Polg\u00e1r Optika - L\u00e1t\u00e1sgondoz\u00e1s Szalon","url":"https:\/\/optikapolgar.hu\/","logo":{"@type":"ImageObject","inLanguage":"en-GB","@id":"https:\/\/optikapolgar.hu\/#\/schema\/logo\/image\/","url":"https:\/\/optikapolgar.hu\/wp-content\/uploads\/2022\/06\/PolgarOptika_logo_arany.svg","contentUrl":"https:\/\/optikapolgar.hu\/wp-content\/uploads\/2022\/06\/PolgarOptika_logo_arany.svg","width":206,"height":208,"caption":"Polg\u00e1r Optika - L\u00e1t\u00e1sgondoz\u00e1s Szalon"},"image":{"@id":"https:\/\/optikapolgar.hu\/#\/schema\/logo\/image\/"},"sameAs":["https:\/\/www.facebook.com\/polgaroptika","https:\/\/instagram.com\/polgar_optika?igshid=YmMyMTA2M2Y="]},{"@type":"Person","@id":"https:\/\/optikapolgar.hu\/#\/schema\/person\/b1a7a97c2de15e63236abb7dbecf491b","name":"No\u00e9mi Polg\u00e1r","image":{"@type":"ImageObject","inLanguage":"en-GB","@id":"https:\/\/secure.gravatar.com\/avatar\/93726456d4745031f2d16af6191b6c7da6fdaf0b2cb6688943c665afd9b6ab27?s=96&d=mm&r=g","url":"https:\/\/secure.gravatar.com\/avatar\/93726456d4745031f2d16af6191b6c7da6fdaf0b2cb6688943c665afd9b6ab27?s=96&d=mm&r=g","contentUrl":"https:\/\/secure.gravatar.com\/avatar\/93726456d4745031f2d16af6191b6c7da6fdaf0b2cb6688943c665afd9b6ab27?s=96&d=mm&r=g","caption":"Polg\u00e1r No\u00e9mi"}}]}},"_links":{"self":[{"href":"https:\/\/optikapolgar.hu\/en\/wp-json\/wp\/v2\/posts\/2848","targetHints":{"allow":["GET"]}}],"collection":[{"href":"https:\/\/optikapolgar.hu\/en\/wp-json\/wp\/v2\/posts"}],"about":[{"href":"https:\/\/optikapolgar.hu\/en\/wp-json\/wp\/v2\/types\/post"}],"author":[{"embeddable":true,"href":"https:\/\/optikapolgar.hu\/en\/wp-json\/wp\/v2\/users\/3"}],"replies":[{"embeddable":true,"href":"https:\/\/optikapolgar.hu\/en\/wp-json\/wp\/v2\/comments?post=2848"}],"version-history":[{"count":1,"href":"https:\/\/optikapolgar.hu\/en\/wp-json\/wp\/v2\/posts\/2848\/revisions"}],"predecessor-version":[{"id":2850,"href":"https:\/\/optikapolgar.hu\/en\/wp-json\/wp\/v2\/posts\/2848\/revisions\/2850"}],"wp:featuredmedia":[{"embeddable":true,"href":"https:\/\/optikapolgar.hu\/en\/wp-json\/wp\/v2\/media\/2849"}],"wp:attachment":[{"href":"https:\/\/optikapolgar.hu\/en\/wp-json\/wp\/v2\/media?parent=2848"}],"wp:term":[{"taxonomy":"category","embeddable":true,"href":"https:\/\/optikapolgar.hu\/en\/wp-json\/wp\/v2\/categories?post=2848"},{"taxonomy":"post_tag","embeddable":true,"href":"https:\/\/optikapolgar.hu\/en\/wp-json\/wp\/v2\/tags?post=2848"}],"curies":[{"name":"wp","href":"https:\/\/api.w.org\/{rel}","templated":true}]}}