{"id":2892,"date":"2025-03-21T14:44:58","date_gmt":"2025-03-21T13:44:58","guid":{"rendered":"https:\/\/optikapolgar.hu\/?p=2892"},"modified":"2025-03-21T14:44:58","modified_gmt":"2025-03-21T13:44:58","slug":"u-v-s-z-u-r-e-s","status":"publish","type":"post","link":"https:\/\/optikapolgar.hu\/en\/u-v-s-z-u-r-e-s\/","title":{"rendered":"U V  F I L T E R I N G"},"content":{"rendered":"<p>A teljes k\u00f6r\u0171 v\u00e9delem \u00e9rdek\u00e9ben ne csak a napszem\u00fcveged legyen UV sz\u0171r\u0151s! <\/p>\n\n\n\n<p>Tudtad, hogy a j\u00f3 min\u0151s\u00e9g\u0171 szem\u00fcveglencs\u00e9k is biztos\u00edtj\u00e1k az UV v\u00e9delmet nem csak a napszem\u00fcvegek?<\/p>\n\n\n\n<p>Mi\u00e9rt fontos ez? Mert a leggyakrabban el\u0151fordul\u00f3 szembetegs\u00e9g p\u00e9ld\u00e1ul a sz\u00fcrkeh\u00e1lyog, melynek kialakul\u00e1s\u00e1ban szerepet j\u00e1tszik a k\u00e1ros UV sug\u00e1rz\u00e1s is! <\/p>\n\n\n\n<p>A szem\u00fcveg teh\u00e1t nem csak egy csinos darab, hanem bizony eg\u00e9szs\u00e9gmeg\u0151rz\u0151 szereppel is b\u00edr!\ud83e\udd29\u270c<\/p>\n\n\n\n<p>Szalonunkban elv\u00e9gezz\u00fck a napszem\u00fcvegek UV sz\u0171r\u00e9s\u00e9nek bem\u00e9r\u00e9s\u00e9t is!<\/p>","protected":false},"excerpt":{"rendered":"<p>A teljes k\u00f6r\u0171 v\u00e9delem \u00e9rdek\u00e9ben ne csak a napszem\u00fcveged legyen UV sz\u0171r\u0151s! Tudtad, hogy a j\u00f3 min\u0151s\u00e9g\u0171 szem\u00fcveglencs\u00e9k is biztos\u00edtj\u00e1k az UV v\u00e9delmet nem csak a napszem\u00fcvegek? Mi\u00e9rt fontos ez? Mert a leggyakrabban el\u0151fordul\u00f3 szembetegs\u00e9g p\u00e9ld\u00e1ul a sz\u00fcrkeh\u00e1lyog, melynek kialakul\u00e1s\u00e1ban szerepet j\u00e1tszik a k\u00e1ros UV sug\u00e1rz\u00e1s is! A szem\u00fcveg teh\u00e1t nem csak egy csinos darab, [&hellip;]<\/p>\n","protected":false},"author":3,"featured_media":2893,"comment_status":"closed","ping_status":"open","sticky":false,"template":"","format":"standard","meta":{"footnotes":""},"categories":[1],"tags":[],"class_list":["post-2892","post","type-post","status-publish","format-standard","has-post-thumbnail","hentry","category-egyeb"],"yoast_head":"<!-- This site is optimized with the Yoast SEO Premium plugin v27.2 (Yoast SEO v27.3) - https:\/\/yoast.com\/product\/yoast-seo-premium-wordpress\/ -->\n<title>U V S Z \u0170 R \u00c9 S - Polg\u00e1r Optika - L\u00e1t\u00e1sgondoz\u00e1s Szalon<\/title>\n<meta name=\"description\" content=\"A teljes k\u00f6r\u0171 v\u00e9delem \u00e9rdek\u00e9ben ne csak a napszem\u00fcveged legyen UV sz\u0171r\u0151s! Tudtad, hogy a j\u00f3 min\u0151s\u00e9g\u0171 szem\u00fcveglencs\u00e9k is biztos\u00edtj\u00e1k az UV v\u00e9delmet nem csak a napszem\u00fcvegek?Mi\u00e9rt fontos ez? Mert a leggyakrabban el\u0151fordul\u00f3 szembetegs\u00e9g p\u00e9ld\u00e1ul a sz\u00fcrkeh\u00e1lyog, melynek kialakul\u00e1s\u00e1ban szerepet j\u00e1tszik a k\u00e1ros UV sug\u00e1rz\u00e1s is! A szem\u00fcveg teh\u00e1t nem csak egy csinos darab, hanem bizony eg\u00e9szs\u00e9gmeg\u0151rz\u0151 szereppel is b\u00edr!\ud83e\udd29\u270c\" \/>\n<meta name=\"robots\" content=\"index, follow, max-snippet:-1, max-image-preview:large, max-video-preview:-1\" \/>\n<link rel=\"canonical\" href=\"https:\/\/optikapolgar.hu\/en\/u-v-s-z-u-r-e-s\/\" \/>\n<meta property=\"og:locale\" content=\"en_GB\" \/>\n<meta property=\"og:type\" content=\"article\" \/>\n<meta property=\"og:title\" content=\"U V S Z \u0170 R \u00c9 S\" \/>\n<meta property=\"og:description\" content=\"A teljes k\u00f6r\u0171 v\u00e9delem \u00e9rdek\u00e9ben ne csak a napszem\u00fcveged legyen UV sz\u0171r\u0151s! Tudtad, hogy a j\u00f3 min\u0151s\u00e9g\u0171 szem\u00fcveglencs\u00e9k is biztos\u00edtj\u00e1k az UV v\u00e9delmet nem csak a napszem\u00fcvegek?Mi\u00e9rt fontos ez? Mert a leggyakrabban el\u0151fordul\u00f3 szembetegs\u00e9g p\u00e9ld\u00e1ul a sz\u00fcrkeh\u00e1lyog, melynek kialakul\u00e1s\u00e1ban szerepet j\u00e1tszik a k\u00e1ros UV sug\u00e1rz\u00e1s is! A szem\u00fcveg teh\u00e1t nem csak egy csinos darab, hanem bizony eg\u00e9szs\u00e9gmeg\u0151rz\u0151 szereppel is b\u00edr!\ud83e\udd29\u270c\" \/>\n<meta property=\"og:url\" content=\"https:\/\/optikapolgar.hu\/en\/u-v-s-z-u-r-e-s\/\" \/>\n<meta property=\"og:site_name\" content=\"Polg\u00e1r Optika - L\u00e1t\u00e1sgondoz\u00e1s Szalon\" \/>\n<meta property=\"article:publisher\" content=\"https:\/\/www.facebook.com\/polgaroptika\" \/>\n<meta property=\"article:published_time\" content=\"2025-03-21T13:44:58+00:00\" \/>\n<meta property=\"og:image\" content=\"https:\/\/optikapolgar.hu\/wp-content\/uploads\/2025\/03\/uv-bloghoz.jpg\" \/>\n\t<meta property=\"og:image:width\" content=\"800\" \/>\n\t<meta property=\"og:image:height\" content=\"400\" \/>\n\t<meta property=\"og:image:type\" content=\"image\/jpeg\" \/>\n<meta name=\"author\" content=\"Polg\u00e1r No\u00e9mi\" \/>\n<meta name=\"twitter:card\" content=\"summary_large_image\" \/>\n<meta name=\"twitter:label1\" content=\"Written by\" \/>\n\t<meta name=\"twitter:data1\" content=\"Polg\u00e1r No\u00e9mi\" \/>\n\t<meta name=\"twitter:label2\" content=\"Estimated reading time\" \/>\n\t<meta name=\"twitter:data2\" content=\"1 minute\" \/>\n<script type=\"application\/ld+json\" class=\"yoast-schema-graph\">{\"@context\":\"https:\\\/\\\/schema.org\",\"@graph\":[{\"@type\":\"Article\",\"@id\":\"https:\\\/\\\/optikapolgar.hu\\\/u-v-s-z-u-r-e-s\\\/#article\",\"isPartOf\":{\"@id\":\"https:\\\/\\\/optikapolgar.hu\\\/u-v-s-z-u-r-e-s\\\/\"},\"author\":{\"name\":\"Polg\u00e1r No\u00e9mi\",\"@id\":\"https:\\\/\\\/optikapolgar.hu\\\/#\\\/schema\\\/person\\\/b1a7a97c2de15e63236abb7dbecf491b\"},\"headline\":\"U V S Z \u0170 R \u00c9 S\",\"datePublished\":\"2025-03-21T13:44:58+00:00\",\"mainEntityOfPage\":{\"@id\":\"https:\\\/\\\/optikapolgar.hu\\\/u-v-s-z-u-r-e-s\\\/\"},\"wordCount\":117,\"publisher\":{\"@id\":\"https:\\\/\\\/optikapolgar.hu\\\/#organization\"},\"image\":{\"@id\":\"https:\\\/\\\/optikapolgar.hu\\\/u-v-s-z-u-r-e-s\\\/#primaryimage\"},\"thumbnailUrl\":\"https:\\\/\\\/optikapolgar.hu\\\/wp-content\\\/uploads\\\/2025\\\/03\\\/uv-bloghoz.jpg\",\"articleSection\":[\"Egy\u00e9b kateg\u00f3ria\"],\"inLanguage\":\"en-GB\"},{\"@type\":\"WebPage\",\"@id\":\"https:\\\/\\\/optikapolgar.hu\\\/u-v-s-z-u-r-e-s\\\/\",\"url\":\"https:\\\/\\\/optikapolgar.hu\\\/u-v-s-z-u-r-e-s\\\/\",\"name\":\"U V S Z \u0170 R \u00c9 S - Polg\u00e1r Optika - L\u00e1t\u00e1sgondoz\u00e1s Szalon\",\"isPartOf\":{\"@id\":\"https:\\\/\\\/optikapolgar.hu\\\/#website\"},\"primaryImageOfPage\":{\"@id\":\"https:\\\/\\\/optikapolgar.hu\\\/u-v-s-z-u-r-e-s\\\/#primaryimage\"},\"image\":{\"@id\":\"https:\\\/\\\/optikapolgar.hu\\\/u-v-s-z-u-r-e-s\\\/#primaryimage\"},\"thumbnailUrl\":\"https:\\\/\\\/optikapolgar.hu\\\/wp-content\\\/uploads\\\/2025\\\/03\\\/uv-bloghoz.jpg\",\"datePublished\":\"2025-03-21T13:44:58+00:00\",\"description\":\"A teljes k\u00f6r\u0171 v\u00e9delem \u00e9rdek\u00e9ben ne csak a napszem\u00fcveged legyen UV sz\u0171r\u0151s! Tudtad, hogy a j\u00f3 min\u0151s\u00e9g\u0171 szem\u00fcveglencs\u00e9k is biztos\u00edtj\u00e1k az UV v\u00e9delmet nem csak a napszem\u00fcvegek?Mi\u00e9rt fontos ez? Mert a leggyakrabban el\u0151fordul\u00f3 szembetegs\u00e9g p\u00e9ld\u00e1ul a sz\u00fcrkeh\u00e1lyog, melynek kialakul\u00e1s\u00e1ban szerepet j\u00e1tszik a k\u00e1ros UV sug\u00e1rz\u00e1s is! A szem\u00fcveg teh\u00e1t nem csak egy csinos darab, hanem bizony eg\u00e9szs\u00e9gmeg\u0151rz\u0151 szereppel is b\u00edr!\ud83e\udd29\u270c\",\"breadcrumb\":{\"@id\":\"https:\\\/\\\/optikapolgar.hu\\\/u-v-s-z-u-r-e-s\\\/#breadcrumb\"},\"inLanguage\":\"en-GB\",\"potentialAction\":[{\"@type\":\"ReadAction\",\"target\":[\"https:\\\/\\\/optikapolgar.hu\\\/u-v-s-z-u-r-e-s\\\/\"]}]},{\"@type\":\"ImageObject\",\"inLanguage\":\"en-GB\",\"@id\":\"https:\\\/\\\/optikapolgar.hu\\\/u-v-s-z-u-r-e-s\\\/#primaryimage\",\"url\":\"https:\\\/\\\/optikapolgar.hu\\\/wp-content\\\/uploads\\\/2025\\\/03\\\/uv-bloghoz.jpg\",\"contentUrl\":\"https:\\\/\\\/optikapolgar.hu\\\/wp-content\\\/uploads\\\/2025\\\/03\\\/uv-bloghoz.jpg\",\"width\":800,\"height\":400},{\"@type\":\"BreadcrumbList\",\"@id\":\"https:\\\/\\\/optikapolgar.hu\\\/u-v-s-z-u-r-e-s\\\/#breadcrumb\",\"itemListElement\":[{\"@type\":\"ListItem\",\"position\":1,\"name\":\"Home\",\"item\":\"https:\\\/\\\/optikapolgar.hu\\\/\"},{\"@type\":\"ListItem\",\"position\":2,\"name\":\"U V S Z \u0170 R \u00c9 S\"}]},{\"@type\":\"WebSite\",\"@id\":\"https:\\\/\\\/optikapolgar.hu\\\/#website\",\"url\":\"https:\\\/\\\/optikapolgar.hu\\\/\",\"name\":\"Polg\u00e1r Optika - L\u00e1t\u00e1sgondoz\u00e1s Szalon\",\"description\":\"Polg\u00e1r Optika\",\"publisher\":{\"@id\":\"https:\\\/\\\/optikapolgar.hu\\\/#organization\"},\"potentialAction\":[{\"@type\":\"SearchAction\",\"target\":{\"@type\":\"EntryPoint\",\"urlTemplate\":\"https:\\\/\\\/optikapolgar.hu\\\/?s={search_term_string}\"},\"query-input\":{\"@type\":\"PropertyValueSpecification\",\"valueRequired\":true,\"valueName\":\"search_term_string\"}}],\"inLanguage\":\"en-GB\"},{\"@type\":\"Organization\",\"@id\":\"https:\\\/\\\/optikapolgar.hu\\\/#organization\",\"name\":\"Polg\u00e1r Optika - L\u00e1t\u00e1sgondoz\u00e1s Szalon\",\"url\":\"https:\\\/\\\/optikapolgar.hu\\\/\",\"logo\":{\"@type\":\"ImageObject\",\"inLanguage\":\"en-GB\",\"@id\":\"https:\\\/\\\/optikapolgar.hu\\\/#\\\/schema\\\/logo\\\/image\\\/\",\"url\":\"https:\\\/\\\/optikapolgar.hu\\\/wp-content\\\/uploads\\\/2022\\\/06\\\/PolgarOptika_logo_arany.svg\",\"contentUrl\":\"https:\\\/\\\/optikapolgar.hu\\\/wp-content\\\/uploads\\\/2022\\\/06\\\/PolgarOptika_logo_arany.svg\",\"width\":206,\"height\":208,\"caption\":\"Polg\u00e1r Optika - L\u00e1t\u00e1sgondoz\u00e1s Szalon\"},\"image\":{\"@id\":\"https:\\\/\\\/optikapolgar.hu\\\/#\\\/schema\\\/logo\\\/image\\\/\"},\"sameAs\":[\"https:\\\/\\\/www.facebook.com\\\/polgaroptika\",\"https:\\\/\\\/instagram.com\\\/polgar_optika?igshid=YmMyMTA2M2Y=\"]},{\"@type\":\"Person\",\"@id\":\"https:\\\/\\\/optikapolgar.hu\\\/#\\\/schema\\\/person\\\/b1a7a97c2de15e63236abb7dbecf491b\",\"name\":\"Polg\u00e1r No\u00e9mi\",\"image\":{\"@type\":\"ImageObject\",\"inLanguage\":\"en-GB\",\"@id\":\"https:\\\/\\\/secure.gravatar.com\\\/avatar\\\/93726456d4745031f2d16af6191b6c7da6fdaf0b2cb6688943c665afd9b6ab27?s=96&d=mm&r=g\",\"url\":\"https:\\\/\\\/secure.gravatar.com\\\/avatar\\\/93726456d4745031f2d16af6191b6c7da6fdaf0b2cb6688943c665afd9b6ab27?s=96&d=mm&r=g\",\"contentUrl\":\"https:\\\/\\\/secure.gravatar.com\\\/avatar\\\/93726456d4745031f2d16af6191b6c7da6fdaf0b2cb6688943c665afd9b6ab27?s=96&d=mm&r=g\",\"caption\":\"Polg\u00e1r No\u00e9mi\"}}]}<\/script>\n<!-- \/ Yoast SEO Premium plugin. -->","yoast_head_json":{"title":"U V S Z \u0170 R \u00c9 S - Polg\u00e1r Optika - L\u00e1t\u00e1sgondoz\u00e1s Szalon","description":"A teljes k\u00f6r\u0171 v\u00e9delem \u00e9rdek\u00e9ben ne csak a napszem\u00fcveged legyen UV sz\u0171r\u0151s! Tudtad, hogy a j\u00f3 min\u0151s\u00e9g\u0171 szem\u00fcveglencs\u00e9k is biztos\u00edtj\u00e1k az UV v\u00e9delmet nem csak a napszem\u00fcvegek?Mi\u00e9rt fontos ez? Mert a leggyakrabban el\u0151fordul\u00f3 szembetegs\u00e9g p\u00e9ld\u00e1ul a sz\u00fcrkeh\u00e1lyog, melynek kialakul\u00e1s\u00e1ban szerepet j\u00e1tszik a k\u00e1ros UV sug\u00e1rz\u00e1s is! A szem\u00fcveg teh\u00e1t nem csak egy csinos darab, hanem bizony eg\u00e9szs\u00e9gmeg\u0151rz\u0151 szereppel is b\u00edr!\ud83e\udd29\u270c","robots":{"index":"index","follow":"follow","max-snippet":"max-snippet:-1","max-image-preview":"max-image-preview:large","max-video-preview":"max-video-preview:-1"},"canonical":"https:\/\/optikapolgar.hu\/en\/u-v-s-z-u-r-e-s\/","og_locale":"en_GB","og_type":"article","og_title":"U V S Z \u0170 R \u00c9 S","og_description":"A teljes k\u00f6r\u0171 v\u00e9delem \u00e9rdek\u00e9ben ne csak a napszem\u00fcveged legyen UV sz\u0171r\u0151s! Tudtad, hogy a j\u00f3 min\u0151s\u00e9g\u0171 szem\u00fcveglencs\u00e9k is biztos\u00edtj\u00e1k az UV v\u00e9delmet nem csak a napszem\u00fcvegek?Mi\u00e9rt fontos ez? Mert a leggyakrabban el\u0151fordul\u00f3 szembetegs\u00e9g p\u00e9ld\u00e1ul a sz\u00fcrkeh\u00e1lyog, melynek kialakul\u00e1s\u00e1ban szerepet j\u00e1tszik a k\u00e1ros UV sug\u00e1rz\u00e1s is! A szem\u00fcveg teh\u00e1t nem csak egy csinos darab, hanem bizony eg\u00e9szs\u00e9gmeg\u0151rz\u0151 szereppel is b\u00edr!\ud83e\udd29\u270c","og_url":"https:\/\/optikapolgar.hu\/en\/u-v-s-z-u-r-e-s\/","og_site_name":"Polg\u00e1r Optika - L\u00e1t\u00e1sgondoz\u00e1s Szalon","article_publisher":"https:\/\/www.facebook.com\/polgaroptika","article_published_time":"2025-03-21T13:44:58+00:00","og_image":[{"width":800,"height":400,"url":"https:\/\/optikapolgar.hu\/wp-content\/uploads\/2025\/03\/uv-bloghoz.jpg","type":"image\/jpeg"}],"author":"Polg\u00e1r No\u00e9mi","twitter_card":"summary_large_image","twitter_misc":{"Written by":"Polg\u00e1r No\u00e9mi","Estimated reading time":"1 minute"},"schema":{"@context":"https:\/\/schema.org","@graph":[{"@type":"Article","@id":"https:\/\/optikapolgar.hu\/u-v-s-z-u-r-e-s\/#article","isPartOf":{"@id":"https:\/\/optikapolgar.hu\/u-v-s-z-u-r-e-s\/"},"author":{"name":"Polg\u00e1r No\u00e9mi","@id":"https:\/\/optikapolgar.hu\/#\/schema\/person\/b1a7a97c2de15e63236abb7dbecf491b"},"headline":"U V S Z \u0170 R \u00c9 S","datePublished":"2025-03-21T13:44:58+00:00","mainEntityOfPage":{"@id":"https:\/\/optikapolgar.hu\/u-v-s-z-u-r-e-s\/"},"wordCount":117,"publisher":{"@id":"https:\/\/optikapolgar.hu\/#organization"},"image":{"@id":"https:\/\/optikapolgar.hu\/u-v-s-z-u-r-e-s\/#primaryimage"},"thumbnailUrl":"https:\/\/optikapolgar.hu\/wp-content\/uploads\/2025\/03\/uv-bloghoz.jpg","articleSection":["Egy\u00e9b kateg\u00f3ria"],"inLanguage":"en-GB"},{"@type":"WebPage","@id":"https:\/\/optikapolgar.hu\/u-v-s-z-u-r-e-s\/","url":"https:\/\/optikapolgar.hu\/u-v-s-z-u-r-e-s\/","name":"U V S Z \u0170 R \u00c9 S - Polg\u00e1r Optika - L\u00e1t\u00e1sgondoz\u00e1s Szalon","isPartOf":{"@id":"https:\/\/optikapolgar.hu\/#website"},"primaryImageOfPage":{"@id":"https:\/\/optikapolgar.hu\/u-v-s-z-u-r-e-s\/#primaryimage"},"image":{"@id":"https:\/\/optikapolgar.hu\/u-v-s-z-u-r-e-s\/#primaryimage"},"thumbnailUrl":"https:\/\/optikapolgar.hu\/wp-content\/uploads\/2025\/03\/uv-bloghoz.jpg","datePublished":"2025-03-21T13:44:58+00:00","description":"A teljes k\u00f6r\u0171 v\u00e9delem \u00e9rdek\u00e9ben ne csak a napszem\u00fcveged legyen UV sz\u0171r\u0151s! Tudtad, hogy a j\u00f3 min\u0151s\u00e9g\u0171 szem\u00fcveglencs\u00e9k is biztos\u00edtj\u00e1k az UV v\u00e9delmet nem csak a napszem\u00fcvegek?Mi\u00e9rt fontos ez? Mert a leggyakrabban el\u0151fordul\u00f3 szembetegs\u00e9g p\u00e9ld\u00e1ul a sz\u00fcrkeh\u00e1lyog, melynek kialakul\u00e1s\u00e1ban szerepet j\u00e1tszik a k\u00e1ros UV sug\u00e1rz\u00e1s is! A szem\u00fcveg teh\u00e1t nem csak egy csinos darab, hanem bizony eg\u00e9szs\u00e9gmeg\u0151rz\u0151 szereppel is b\u00edr!\ud83e\udd29\u270c","breadcrumb":{"@id":"https:\/\/optikapolgar.hu\/u-v-s-z-u-r-e-s\/#breadcrumb"},"inLanguage":"en-GB","potentialAction":[{"@type":"ReadAction","target":["https:\/\/optikapolgar.hu\/u-v-s-z-u-r-e-s\/"]}]},{"@type":"ImageObject","inLanguage":"en-GB","@id":"https:\/\/optikapolgar.hu\/u-v-s-z-u-r-e-s\/#primaryimage","url":"https:\/\/optikapolgar.hu\/wp-content\/uploads\/2025\/03\/uv-bloghoz.jpg","contentUrl":"https:\/\/optikapolgar.hu\/wp-content\/uploads\/2025\/03\/uv-bloghoz.jpg","width":800,"height":400},{"@type":"BreadcrumbList","@id":"https:\/\/optikapolgar.hu\/u-v-s-z-u-r-e-s\/#breadcrumb","itemListElement":[{"@type":"ListItem","position":1,"name":"Home","item":"https:\/\/optikapolgar.hu\/"},{"@type":"ListItem","position":2,"name":"U V S Z \u0170 R \u00c9 S"}]},{"@type":"WebSite","@id":"https:\/\/optikapolgar.hu\/#website","url":"https:\/\/optikapolgar.hu\/","name":"Polg\u00e1r Optika - L\u00e1t\u00e1sgondoz\u00e1s Szalon","description":"Polgar Optics","publisher":{"@id":"https:\/\/optikapolgar.hu\/#organization"},"potentialAction":[{"@type":"SearchAction","target":{"@type":"EntryPoint","urlTemplate":"https:\/\/optikapolgar.hu\/?s={search_term_string}"},"query-input":{"@type":"PropertyValueSpecification","valueRequired":true,"valueName":"search_term_string"}}],"inLanguage":"en-GB"},{"@type":"Organization","@id":"https:\/\/optikapolgar.hu\/#organization","name":"Polg\u00e1r Optika - L\u00e1t\u00e1sgondoz\u00e1s Szalon","url":"https:\/\/optikapolgar.hu\/","logo":{"@type":"ImageObject","inLanguage":"en-GB","@id":"https:\/\/optikapolgar.hu\/#\/schema\/logo\/image\/","url":"https:\/\/optikapolgar.hu\/wp-content\/uploads\/2022\/06\/PolgarOptika_logo_arany.svg","contentUrl":"https:\/\/optikapolgar.hu\/wp-content\/uploads\/2022\/06\/PolgarOptika_logo_arany.svg","width":206,"height":208,"caption":"Polg\u00e1r Optika - L\u00e1t\u00e1sgondoz\u00e1s Szalon"},"image":{"@id":"https:\/\/optikapolgar.hu\/#\/schema\/logo\/image\/"},"sameAs":["https:\/\/www.facebook.com\/polgaroptika","https:\/\/instagram.com\/polgar_optika?igshid=YmMyMTA2M2Y="]},{"@type":"Person","@id":"https:\/\/optikapolgar.hu\/#\/schema\/person\/b1a7a97c2de15e63236abb7dbecf491b","name":"No\u00e9mi Polg\u00e1r","image":{"@type":"ImageObject","inLanguage":"en-GB","@id":"https:\/\/secure.gravatar.com\/avatar\/93726456d4745031f2d16af6191b6c7da6fdaf0b2cb6688943c665afd9b6ab27?s=96&d=mm&r=g","url":"https:\/\/secure.gravatar.com\/avatar\/93726456d4745031f2d16af6191b6c7da6fdaf0b2cb6688943c665afd9b6ab27?s=96&d=mm&r=g","contentUrl":"https:\/\/secure.gravatar.com\/avatar\/93726456d4745031f2d16af6191b6c7da6fdaf0b2cb6688943c665afd9b6ab27?s=96&d=mm&r=g","caption":"Polg\u00e1r No\u00e9mi"}}]}},"_links":{"self":[{"href":"https:\/\/optikapolgar.hu\/en\/wp-json\/wp\/v2\/posts\/2892","targetHints":{"allow":["GET"]}}],"collection":[{"href":"https:\/\/optikapolgar.hu\/en\/wp-json\/wp\/v2\/posts"}],"about":[{"href":"https:\/\/optikapolgar.hu\/en\/wp-json\/wp\/v2\/types\/post"}],"author":[{"embeddable":true,"href":"https:\/\/optikapolgar.hu\/en\/wp-json\/wp\/v2\/users\/3"}],"replies":[{"embeddable":true,"href":"https:\/\/optikapolgar.hu\/en\/wp-json\/wp\/v2\/comments?post=2892"}],"version-history":[{"count":1,"href":"https:\/\/optikapolgar.hu\/en\/wp-json\/wp\/v2\/posts\/2892\/revisions"}],"predecessor-version":[{"id":2894,"href":"https:\/\/optikapolgar.hu\/en\/wp-json\/wp\/v2\/posts\/2892\/revisions\/2894"}],"wp:featuredmedia":[{"embeddable":true,"href":"https:\/\/optikapolgar.hu\/en\/wp-json\/wp\/v2\/media\/2893"}],"wp:attachment":[{"href":"https:\/\/optikapolgar.hu\/en\/wp-json\/wp\/v2\/media?parent=2892"}],"wp:term":[{"taxonomy":"category","embeddable":true,"href":"https:\/\/optikapolgar.hu\/en\/wp-json\/wp\/v2\/categories?post=2892"},{"taxonomy":"post_tag","embeddable":true,"href":"https:\/\/optikapolgar.hu\/en\/wp-json\/wp\/v2\/tags?post=2892"}],"curies":[{"name":"wp","href":"https:\/\/api.w.org\/{rel}","templated":true}]}}