{"id":3133,"date":"2025-10-01T13:01:52","date_gmt":"2025-10-01T11:01:52","guid":{"rendered":"https:\/\/optikapolgar.hu\/?p=3133"},"modified":"2025-10-01T13:06:18","modified_gmt":"2025-10-01T11:06:18","slug":"latas-honapja-2025","status":"publish","type":"post","link":"https:\/\/optikapolgar.hu\/en\/latas-honapja-2025\/","title":{"rendered":"Vision Month 2025"},"content":{"rendered":"<p>Szuper kedvezm\u00e9nyek v\u00e1rnak!<\/p>\n\n\n\n<p><\/p>\n\n\n\n<p><\/p>\n\n\n\n<p>Do you wear glasses too? Then you know exactly what it\u2019s like when\u2026<\/p>\n\n\n\n<p>\ud83d\udc49 You constantly have to switch between your glasses, and somehow none of them feel quite right.<\/p>\n\n\n\n<p>\ud83d\udc49 That awful feeling when your neck starts to suffer from leaning and shifting in front of the monitor.<\/p>\n\n\n\n<p>\ud83d\udc49 Your head hurts nonstop, and you constantly find yourself squinting.<\/p>\n\n\n\n<p>\ud83d\udc49 With tired eyes, you just can\u2019t see clearly anymore, and you feel uncertain while driving.<\/p>\n\n\n\n<p>\u2728 We have great news for you! \u2728<\/p>\n\n\n\n<p>With our 1+1 lens offer, we prepare your eyes for every situation in life \u2014 so you won\u2019t have to make any more compromises!<\/p>\n\n\n\n<p>\u2705 With our premium multifocal lenses, we provide ultra-sharp, effortless vision at every distance!<\/p>\n\n\n\n<p>The lens is made with premium coatings, includes blue light filtering and UV protection, and thanks to the latest DuraVision Gold layer, it is extremely durable and easy to clean.<\/p>\n\n\n\n<p>Working a lot?<\/p>\n\n\n\n<p>\u2705 And that\u2019s why the second pair of office work lenses is offered with a 60% discount!<\/p>\n\n\n\n<p>This lens provides crystal-clear vision not only for reading and screen use, but also for larger indoor distances!<\/p>\n\n\n\n<p>With this 1+1 promotion, you can truly say goodbye forever to:<\/p>\n\n\n\n<p>\u274c neck and headaches<\/p>\n\n\n\n<p>\u274c Uncomfortable, spine-straining posture<\/p>\n\n\n\n<p>\u274c Constantly switching between different glasses<\/p>\n\n\n\n<p>\u274c Blurry vision and constant squinting<\/p>\n\n\n\n<p>\ud83d\udca1 Because you\u2019ll finally have the perfect pair of glasses for every situation: for everyday life and for work too!<\/p>\n\n\n\n<p>\u2757But we\u2019re not stopping here! \u2757<\/p>\n\n\n\n<p>If you take advantage of the 1+1 promotion now, you will also receive a complimentary full premium 3D vision examination as a bonus!<\/p>\n\n\n\n<p>\u2757And that\u2019s still not all! \u2757<\/p>\n\n\n\n<p>\u2b50 During the campaign period, the 3D vision examination is available with a 50% discount \u2014 regardless of whether you use the 1+1 promotion! \u2b50<\/p>\n\n\n\n<p>\ud83d\udc49 Book your appointment today and experience the difference!<\/p>","protected":false},"excerpt":{"rendered":"<p>Szuper kedvezm\u00e9nyek v\u00e1rnak! Te is szem\u00fcveges vagy? Akkor pontosan tudod, milyen az, amikor\u2026 \ud83d\udc49 \u00c1lland\u00f3an cser\u00e9lgetned kell a szem\u00fcveged, \u00e9s valahogy egyik sem az igazi. \ud83d\udc49 Sz\u00f6rny\u0171 \u00e9rz\u00e9s, ahogy t\u00f6nkreteszi a nyakad a monitor el\u0151tti d\u0151l\u00f6ng\u00e9l\u00e9s. \ud83d\udc49 Meg\u00e1ll\u00e1s n\u00e9lk\u00fcl f\u00e1j a fejed, \u00e9s folyamatosan hunyorognod kell. \ud83d\udc49 F\u00e1radt szemekkel m\u00e1r sehogy sem l\u00e1tsz tiszt\u00e1n, vezet\u00e9s [&hellip;]<\/p>\n","protected":false},"author":3,"featured_media":2771,"comment_status":"closed","ping_status":"open","sticky":false,"template":"","format":"standard","meta":{"footnotes":""},"categories":[1],"tags":[14,24,27],"class_list":["post-3133","post","type-post","status-publish","format-standard","has-post-thumbnail","hentry","category-egyeb","tag-optika","tag-szemuveg","tag-szemuveglencse"],"yoast_head":"<!-- This site is optimized with the Yoast SEO Premium plugin v27.2 (Yoast SEO v27.3) - https:\/\/yoast.com\/product\/yoast-seo-premium-wordpress\/ -->\n<title>L\u00e1t\u00e1s H\u00f3napja 2025. - Polg\u00e1r Optika - L\u00e1t\u00e1sgondoz\u00e1s Szalon<\/title>\n<meta name=\"description\" content=\"Te is szem\u00fcveges vagy? Akkor pontosan tudod, milyen az, amikor\u2026\ud83d\udc49 \u00c1lland\u00f3an cser\u00e9lgetned kell a szem\u00fcveged, \u00e9s valahogy egyik sem az igazi.\ud83d\udc49 Sz\u00f6rny\u0171 \u00e9rz\u00e9s, ahogy t\u00f6nkreteszi a nyakad a monitor el\u0151tti d\u0151l\u00f6ng\u00e9l\u00e9s.\ud83d\udc49 Meg\u00e1ll\u00e1s n\u00e9lk\u00fcl f\u00e1j a fejed, \u00e9s folyamatosan hunyorognod kell.\ud83d\udc49 F\u00e1radt szemekkel m\u00e1r sehogy sem l\u00e1tsz tiszt\u00e1n, vezet\u00e9s k\u00f6zben pedig bizonytalannak \u00e9rzed magad.\u2728 J\u00f3 h\u00edr\u00fcnk van a sz\u00e1modra! \u2728Az 1+1 lencse aj\u00e1nlatunkkal minden \u00e9lethelyzetre felk\u00e9sz\u00edtj\u00fck a szemedet, hogy ne kelljen t\u00f6bb kompromisszumot k\u00f6tn\u00f6d!\u2705 A pr\u00e9mium multifok\u00e1lis lencs\u00e9nkkel szuper\u00e9les \u00e9s tehermentes l\u00e1t\u00e1st biztos\u00edtunk minden t\u00e1vols\u00e1gra!A lencse pr\u00e9mium fel\u00fcletkezel\u00e9ssel k\u00e9sz\u00fcl, k\u00e9kf\u00e9nysz\u0171r\u00e9st \u00e9s UV-v\u00e9delmet tartalmaz, a leg\u00fajabb Duravision Gold r\u00e9tegnek k\u00f6sz\u00f6nhet\u0151en pedig rendk\u00edv\u00fcl tart\u00f3s \u00e9s k\u00f6nnyen tiszt\u00edthat\u00f3.\ud83d\udcbb Sokat dolgozol?\u2705 \u00c9ppen ez\u00e9rt a m\u00e1sodik, irodai munkaszem\u00fcveglencs\u00e9t -60% kedvezm\u00e9nnyel adjuk!Ez a lencse nemcsak olvas\u00e1shoz \u00e9s k\u00e9perny\u0151haszn\u00e1lathoz, hanem belt\u00e9ri nagyobb t\u00e1vols\u00e1gokra is krist\u00e1lytiszta l\u00e1t\u00e1st biztos\u00edt a sz\u00e1modra!Ezzel az 1+1 akci\u00f3val t\u00e9nyleg \u00f6r\u00f6kre b\u00facs\u00fat mondhatsz:\u274c Nyak- \u00e9s fejf\u00e1j\u00e1snak\u274c K\u00e9nyelmetlen, gerincet terhel\u0151 testtart\u00e1snak\u274c \u00c1lland\u00f3 szem\u00fcvegcser\u00e9lget\u00e9snek\u274c Hom\u00e1lyos l\u00e1t\u00e1snak, hunyorg\u00e1snak\ud83d\udca1 Mert v\u00e9gre minden helyzetre lesz egy t\u00f6k\u00e9letes szem\u00fcveged: a mindennapokra \u00e9s a munk\u00e1hoz is!\u2757De itt m\u00e9g nem \u00e1llunk meg! \u2757Ha most ig\u00e9nybe veszed az 1+1 akci\u00f3t akkor b\u00f3nuszk\u00e9nt adunk neked egy d\u00edjmentes, teljesk\u00f6r\u0171 pr\u00e9mium 3D l\u00e1t\u00e1svizsg\u00e1latot! \u2757\u00c9s ez m\u00e9g mindig nem minden! \u2757\u2b50 A kamp\u00e1ny ideje alatt a 3D l\u00e1t\u00e1svizsg\u00e1lat -50% kedvezm\u00e9nnyel vehet\u0151 ig\u00e9nybe, az 1+1 akci\u00f3t\u00f3l f\u00fcggetlen\u00fcl! \ud83d\udc49 K\u00e9rj id\u0151pontot m\u00e9g ma, \u00e9s tapasztald meg a k\u00fcl\u00f6nbs\u00e9get!\" \/>\n<meta name=\"robots\" content=\"index, follow, max-snippet:-1, max-image-preview:large, max-video-preview:-1\" \/>\n<link rel=\"canonical\" href=\"https:\/\/optikapolgar.hu\/en\/latas-honapja-2025\/\" \/>\n<meta property=\"og:locale\" content=\"en_GB\" \/>\n<meta property=\"og:type\" content=\"article\" \/>\n<meta property=\"og:title\" content=\"L\u00e1t\u00e1s H\u00f3napja 2025.\" \/>\n<meta property=\"og:description\" content=\"Te is szem\u00fcveges vagy? Akkor pontosan tudod, milyen az, amikor\u2026\ud83d\udc49 \u00c1lland\u00f3an cser\u00e9lgetned kell a szem\u00fcveged, \u00e9s valahogy egyik sem az igazi.\ud83d\udc49 Sz\u00f6rny\u0171 \u00e9rz\u00e9s, ahogy t\u00f6nkreteszi a nyakad a monitor el\u0151tti d\u0151l\u00f6ng\u00e9l\u00e9s.\ud83d\udc49 Meg\u00e1ll\u00e1s n\u00e9lk\u00fcl f\u00e1j a fejed, \u00e9s folyamatosan hunyorognod kell.\ud83d\udc49 F\u00e1radt szemekkel m\u00e1r sehogy sem l\u00e1tsz tiszt\u00e1n, vezet\u00e9s k\u00f6zben pedig bizonytalannak \u00e9rzed magad.\u2728 J\u00f3 h\u00edr\u00fcnk van a sz\u00e1modra! \u2728Az 1+1 lencse aj\u00e1nlatunkkal minden \u00e9lethelyzetre felk\u00e9sz\u00edtj\u00fck a szemedet, hogy ne kelljen t\u00f6bb kompromisszumot k\u00f6tn\u00f6d!\u2705 A pr\u00e9mium multifok\u00e1lis lencs\u00e9nkkel szuper\u00e9les \u00e9s tehermentes l\u00e1t\u00e1st biztos\u00edtunk minden t\u00e1vols\u00e1gra!A lencse pr\u00e9mium fel\u00fcletkezel\u00e9ssel k\u00e9sz\u00fcl, k\u00e9kf\u00e9nysz\u0171r\u00e9st \u00e9s UV-v\u00e9delmet tartalmaz, a leg\u00fajabb Duravision Gold r\u00e9tegnek k\u00f6sz\u00f6nhet\u0151en pedig rendk\u00edv\u00fcl tart\u00f3s \u00e9s k\u00f6nnyen tiszt\u00edthat\u00f3.\ud83d\udcbb Sokat dolgozol?\u2705 \u00c9ppen ez\u00e9rt a m\u00e1sodik, irodai munkaszem\u00fcveglencs\u00e9t -60% kedvezm\u00e9nnyel adjuk!Ez a lencse nemcsak olvas\u00e1shoz \u00e9s k\u00e9perny\u0151haszn\u00e1lathoz, hanem belt\u00e9ri nagyobb t\u00e1vols\u00e1gokra is krist\u00e1lytiszta l\u00e1t\u00e1st biztos\u00edt a sz\u00e1modra!Ezzel az 1+1 akci\u00f3val t\u00e9nyleg \u00f6r\u00f6kre b\u00facs\u00fat mondhatsz:\u274c Nyak- \u00e9s fejf\u00e1j\u00e1snak\u274c K\u00e9nyelmetlen, gerincet terhel\u0151 testtart\u00e1snak\u274c \u00c1lland\u00f3 szem\u00fcvegcser\u00e9lget\u00e9snek\u274c Hom\u00e1lyos l\u00e1t\u00e1snak, hunyorg\u00e1snak\ud83d\udca1 Mert v\u00e9gre minden helyzetre lesz egy t\u00f6k\u00e9letes szem\u00fcveged: a mindennapokra \u00e9s a munk\u00e1hoz is!\u2757De itt m\u00e9g nem \u00e1llunk meg! \u2757Ha most ig\u00e9nybe veszed az 1+1 akci\u00f3t akkor b\u00f3nuszk\u00e9nt adunk neked egy d\u00edjmentes, teljesk\u00f6r\u0171 pr\u00e9mium 3D l\u00e1t\u00e1svizsg\u00e1latot! \u2757\u00c9s ez m\u00e9g mindig nem minden! \u2757\u2b50 A kamp\u00e1ny ideje alatt a 3D l\u00e1t\u00e1svizsg\u00e1lat -50% kedvezm\u00e9nnyel vehet\u0151 ig\u00e9nybe, az 1+1 akci\u00f3t\u00f3l f\u00fcggetlen\u00fcl! \ud83d\udc49 K\u00e9rj id\u0151pontot m\u00e9g ma, \u00e9s tapasztald meg a k\u00fcl\u00f6nbs\u00e9get!\" \/>\n<meta property=\"og:url\" content=\"https:\/\/optikapolgar.hu\/en\/latas-honapja-2025\/\" \/>\n<meta property=\"og:site_name\" content=\"Polg\u00e1r Optika - L\u00e1t\u00e1sgondoz\u00e1s Szalon\" \/>\n<meta property=\"article:publisher\" content=\"https:\/\/www.facebook.com\/polgaroptika\" \/>\n<meta property=\"article:published_time\" content=\"2025-10-01T11:01:52+00:00\" \/>\n<meta property=\"article:modified_time\" content=\"2025-10-01T11:06:18+00:00\" \/>\n<meta property=\"og:image\" content=\"https:\/\/optikapolgar.hu\/wp-content\/uploads\/2024\/09\/kreuzetnia-akcija.jpg\" \/>\n\t<meta property=\"og:image:width\" content=\"800\" \/>\n\t<meta property=\"og:image:height\" content=\"400\" \/>\n\t<meta property=\"og:image:type\" content=\"image\/jpeg\" \/>\n<meta name=\"author\" content=\"Polg\u00e1r No\u00e9mi\" \/>\n<meta name=\"twitter:card\" content=\"summary_large_image\" \/>\n<meta name=\"twitter:label1\" content=\"Written by\" \/>\n\t<meta name=\"twitter:data1\" content=\"Polg\u00e1r No\u00e9mi\" \/>\n\t<meta name=\"twitter:label2\" content=\"Estimated reading time\" \/>\n\t<meta name=\"twitter:data2\" content=\"2 minutes\" \/>\n<script type=\"application\/ld+json\" class=\"yoast-schema-graph\">{\"@context\":\"https:\\\/\\\/schema.org\",\"@graph\":[{\"@type\":\"Article\",\"@id\":\"https:\\\/\\\/optikapolgar.hu\\\/latas-honapja-2025\\\/#article\",\"isPartOf\":{\"@id\":\"https:\\\/\\\/optikapolgar.hu\\\/latas-honapja-2025\\\/\"},\"author\":{\"name\":\"Polg\u00e1r No\u00e9mi\",\"@id\":\"https:\\\/\\\/optikapolgar.hu\\\/#\\\/schema\\\/person\\\/b1a7a97c2de15e63236abb7dbecf491b\"},\"headline\":\"L\u00e1t\u00e1s H\u00f3napja 2025.\",\"datePublished\":\"2025-10-01T11:01:52+00:00\",\"dateModified\":\"2025-10-01T11:06:18+00:00\",\"mainEntityOfPage\":{\"@id\":\"https:\\\/\\\/optikapolgar.hu\\\/latas-honapja-2025\\\/\"},\"wordCount\":354,\"publisher\":{\"@id\":\"https:\\\/\\\/optikapolgar.hu\\\/#organization\"},\"image\":{\"@id\":\"https:\\\/\\\/optikapolgar.hu\\\/latas-honapja-2025\\\/#primaryimage\"},\"thumbnailUrl\":\"https:\\\/\\\/optikapolgar.hu\\\/wp-content\\\/uploads\\\/2024\\\/09\\\/kreuzetnia-akcija.jpg\",\"keywords\":[\"optika\",\"szem\u00fcveg\",\"szem\u00fcveglencse\"],\"articleSection\":[\"Egy\u00e9b kateg\u00f3ria\"],\"inLanguage\":\"en-GB\"},{\"@type\":\"WebPage\",\"@id\":\"https:\\\/\\\/optikapolgar.hu\\\/latas-honapja-2025\\\/\",\"url\":\"https:\\\/\\\/optikapolgar.hu\\\/latas-honapja-2025\\\/\",\"name\":\"L\u00e1t\u00e1s H\u00f3napja 2025. - Polg\u00e1r Optika - L\u00e1t\u00e1sgondoz\u00e1s Szalon\",\"isPartOf\":{\"@id\":\"https:\\\/\\\/optikapolgar.hu\\\/#website\"},\"primaryImageOfPage\":{\"@id\":\"https:\\\/\\\/optikapolgar.hu\\\/latas-honapja-2025\\\/#primaryimage\"},\"image\":{\"@id\":\"https:\\\/\\\/optikapolgar.hu\\\/latas-honapja-2025\\\/#primaryimage\"},\"thumbnailUrl\":\"https:\\\/\\\/optikapolgar.hu\\\/wp-content\\\/uploads\\\/2024\\\/09\\\/kreuzetnia-akcija.jpg\",\"datePublished\":\"2025-10-01T11:01:52+00:00\",\"dateModified\":\"2025-10-01T11:06:18+00:00\",\"description\":\"Te is szem\u00fcveges vagy? Akkor pontosan tudod, milyen az, amikor\u2026\ud83d\udc49 \u00c1lland\u00f3an cser\u00e9lgetned kell a szem\u00fcveged, \u00e9s valahogy egyik sem az igazi.\ud83d\udc49 Sz\u00f6rny\u0171 \u00e9rz\u00e9s, ahogy t\u00f6nkreteszi a nyakad a monitor el\u0151tti d\u0151l\u00f6ng\u00e9l\u00e9s.\ud83d\udc49 Meg\u00e1ll\u00e1s n\u00e9lk\u00fcl f\u00e1j a fejed, \u00e9s folyamatosan hunyorognod kell.\ud83d\udc49 F\u00e1radt szemekkel m\u00e1r sehogy sem l\u00e1tsz tiszt\u00e1n, vezet\u00e9s k\u00f6zben pedig bizonytalannak \u00e9rzed magad.\u2728 J\u00f3 h\u00edr\u00fcnk van a sz\u00e1modra! \u2728Az 1+1 lencse aj\u00e1nlatunkkal minden \u00e9lethelyzetre felk\u00e9sz\u00edtj\u00fck a szemedet, hogy ne kelljen t\u00f6bb kompromisszumot k\u00f6tn\u00f6d!\u2705 A pr\u00e9mium multifok\u00e1lis lencs\u00e9nkkel szuper\u00e9les \u00e9s tehermentes l\u00e1t\u00e1st biztos\u00edtunk minden t\u00e1vols\u00e1gra!A lencse pr\u00e9mium fel\u00fcletkezel\u00e9ssel k\u00e9sz\u00fcl, k\u00e9kf\u00e9nysz\u0171r\u00e9st \u00e9s UV-v\u00e9delmet tartalmaz, a leg\u00fajabb Duravision Gold r\u00e9tegnek k\u00f6sz\u00f6nhet\u0151en pedig rendk\u00edv\u00fcl tart\u00f3s \u00e9s k\u00f6nnyen tiszt\u00edthat\u00f3.\ud83d\udcbb Sokat dolgozol?\u2705 \u00c9ppen ez\u00e9rt a m\u00e1sodik, irodai munkaszem\u00fcveglencs\u00e9t -60% kedvezm\u00e9nnyel adjuk!Ez a lencse nemcsak olvas\u00e1shoz \u00e9s k\u00e9perny\u0151haszn\u00e1lathoz, hanem belt\u00e9ri nagyobb t\u00e1vols\u00e1gokra is krist\u00e1lytiszta l\u00e1t\u00e1st biztos\u00edt a sz\u00e1modra!Ezzel az 1+1 akci\u00f3val t\u00e9nyleg \u00f6r\u00f6kre b\u00facs\u00fat mondhatsz:\u274c Nyak- \u00e9s fejf\u00e1j\u00e1snak\u274c K\u00e9nyelmetlen, gerincet terhel\u0151 testtart\u00e1snak\u274c \u00c1lland\u00f3 szem\u00fcvegcser\u00e9lget\u00e9snek\u274c Hom\u00e1lyos l\u00e1t\u00e1snak, hunyorg\u00e1snak\ud83d\udca1 Mert v\u00e9gre minden helyzetre lesz egy t\u00f6k\u00e9letes szem\u00fcveged: a mindennapokra \u00e9s a munk\u00e1hoz is!\u2757De itt m\u00e9g nem \u00e1llunk meg! \u2757Ha most ig\u00e9nybe veszed az 1+1 akci\u00f3t akkor b\u00f3nuszk\u00e9nt adunk neked egy d\u00edjmentes, teljesk\u00f6r\u0171 pr\u00e9mium 3D l\u00e1t\u00e1svizsg\u00e1latot! \u2757\u00c9s ez m\u00e9g mindig nem minden! \u2757\u2b50 A kamp\u00e1ny ideje alatt a 3D l\u00e1t\u00e1svizsg\u00e1lat -50% kedvezm\u00e9nnyel vehet\u0151 ig\u00e9nybe, az 1+1 akci\u00f3t\u00f3l f\u00fcggetlen\u00fcl! \ud83d\udc49 K\u00e9rj id\u0151pontot m\u00e9g ma, \u00e9s tapasztald meg a k\u00fcl\u00f6nbs\u00e9get!\",\"breadcrumb\":{\"@id\":\"https:\\\/\\\/optikapolgar.hu\\\/latas-honapja-2025\\\/#breadcrumb\"},\"inLanguage\":\"en-GB\",\"potentialAction\":[{\"@type\":\"ReadAction\",\"target\":[\"https:\\\/\\\/optikapolgar.hu\\\/latas-honapja-2025\\\/\"]}]},{\"@type\":\"ImageObject\",\"inLanguage\":\"en-GB\",\"@id\":\"https:\\\/\\\/optikapolgar.hu\\\/latas-honapja-2025\\\/#primaryimage\",\"url\":\"https:\\\/\\\/optikapolgar.hu\\\/wp-content\\\/uploads\\\/2024\\\/09\\\/kreuzetnia-akcija.jpg\",\"contentUrl\":\"https:\\\/\\\/optikapolgar.hu\\\/wp-content\\\/uploads\\\/2024\\\/09\\\/kreuzetnia-akcija.jpg\",\"width\":800,\"height\":400,\"caption\":\"AKCI\u00d3!\"},{\"@type\":\"BreadcrumbList\",\"@id\":\"https:\\\/\\\/optikapolgar.hu\\\/latas-honapja-2025\\\/#breadcrumb\",\"itemListElement\":[{\"@type\":\"ListItem\",\"position\":1,\"name\":\"Home\",\"item\":\"https:\\\/\\\/optikapolgar.hu\\\/\"},{\"@type\":\"ListItem\",\"position\":2,\"name\":\"L\u00e1t\u00e1s H\u00f3napja 2025.\"}]},{\"@type\":\"WebSite\",\"@id\":\"https:\\\/\\\/optikapolgar.hu\\\/#website\",\"url\":\"https:\\\/\\\/optikapolgar.hu\\\/\",\"name\":\"Polg\u00e1r Optika - L\u00e1t\u00e1sgondoz\u00e1s Szalon\",\"description\":\"Polg\u00e1r Optika\",\"publisher\":{\"@id\":\"https:\\\/\\\/optikapolgar.hu\\\/#organization\"},\"potentialAction\":[{\"@type\":\"SearchAction\",\"target\":{\"@type\":\"EntryPoint\",\"urlTemplate\":\"https:\\\/\\\/optikapolgar.hu\\\/?s={search_term_string}\"},\"query-input\":{\"@type\":\"PropertyValueSpecification\",\"valueRequired\":true,\"valueName\":\"search_term_string\"}}],\"inLanguage\":\"en-GB\"},{\"@type\":\"Organization\",\"@id\":\"https:\\\/\\\/optikapolgar.hu\\\/#organization\",\"name\":\"Polg\u00e1r Optika - L\u00e1t\u00e1sgondoz\u00e1s Szalon\",\"url\":\"https:\\\/\\\/optikapolgar.hu\\\/\",\"logo\":{\"@type\":\"ImageObject\",\"inLanguage\":\"en-GB\",\"@id\":\"https:\\\/\\\/optikapolgar.hu\\\/#\\\/schema\\\/logo\\\/image\\\/\",\"url\":\"https:\\\/\\\/optikapolgar.hu\\\/wp-content\\\/uploads\\\/2022\\\/06\\\/PolgarOptika_logo_arany.svg\",\"contentUrl\":\"https:\\\/\\\/optikapolgar.hu\\\/wp-content\\\/uploads\\\/2022\\\/06\\\/PolgarOptika_logo_arany.svg\",\"width\":206,\"height\":208,\"caption\":\"Polg\u00e1r Optika - L\u00e1t\u00e1sgondoz\u00e1s Szalon\"},\"image\":{\"@id\":\"https:\\\/\\\/optikapolgar.hu\\\/#\\\/schema\\\/logo\\\/image\\\/\"},\"sameAs\":[\"https:\\\/\\\/www.facebook.com\\\/polgaroptika\",\"https:\\\/\\\/instagram.com\\\/polgar_optika?igshid=YmMyMTA2M2Y=\"]},{\"@type\":\"Person\",\"@id\":\"https:\\\/\\\/optikapolgar.hu\\\/#\\\/schema\\\/person\\\/b1a7a97c2de15e63236abb7dbecf491b\",\"name\":\"Polg\u00e1r No\u00e9mi\",\"image\":{\"@type\":\"ImageObject\",\"inLanguage\":\"en-GB\",\"@id\":\"https:\\\/\\\/secure.gravatar.com\\\/avatar\\\/93726456d4745031f2d16af6191b6c7da6fdaf0b2cb6688943c665afd9b6ab27?s=96&d=mm&r=g\",\"url\":\"https:\\\/\\\/secure.gravatar.com\\\/avatar\\\/93726456d4745031f2d16af6191b6c7da6fdaf0b2cb6688943c665afd9b6ab27?s=96&d=mm&r=g\",\"contentUrl\":\"https:\\\/\\\/secure.gravatar.com\\\/avatar\\\/93726456d4745031f2d16af6191b6c7da6fdaf0b2cb6688943c665afd9b6ab27?s=96&d=mm&r=g\",\"caption\":\"Polg\u00e1r No\u00e9mi\"}}]}<\/script>\n<!-- \/ Yoast SEO Premium plugin. -->","yoast_head_json":{"title":"L\u00e1t\u00e1s H\u00f3napja 2025. - Polg\u00e1r Optika - L\u00e1t\u00e1sgondoz\u00e1s Szalon","description":"Te is szem\u00fcveges vagy? Akkor pontosan tudod, milyen az, amikor\u2026\ud83d\udc49 \u00c1lland\u00f3an cser\u00e9lgetned kell a szem\u00fcveged, \u00e9s valahogy egyik sem az igazi.\ud83d\udc49 Sz\u00f6rny\u0171 \u00e9rz\u00e9s, ahogy t\u00f6nkreteszi a nyakad a monitor el\u0151tti d\u0151l\u00f6ng\u00e9l\u00e9s.\ud83d\udc49 Meg\u00e1ll\u00e1s n\u00e9lk\u00fcl f\u00e1j a fejed, \u00e9s folyamatosan hunyorognod kell.\ud83d\udc49 F\u00e1radt szemekkel m\u00e1r sehogy sem l\u00e1tsz tiszt\u00e1n, vezet\u00e9s k\u00f6zben pedig bizonytalannak \u00e9rzed magad.\u2728 J\u00f3 h\u00edr\u00fcnk van a sz\u00e1modra! \u2728Az 1+1 lencse aj\u00e1nlatunkkal minden \u00e9lethelyzetre felk\u00e9sz\u00edtj\u00fck a szemedet, hogy ne kelljen t\u00f6bb kompromisszumot k\u00f6tn\u00f6d!\u2705 A pr\u00e9mium multifok\u00e1lis lencs\u00e9nkkel szuper\u00e9les \u00e9s tehermentes l\u00e1t\u00e1st biztos\u00edtunk minden t\u00e1vols\u00e1gra!A lencse pr\u00e9mium fel\u00fcletkezel\u00e9ssel k\u00e9sz\u00fcl, k\u00e9kf\u00e9nysz\u0171r\u00e9st \u00e9s UV-v\u00e9delmet tartalmaz, a leg\u00fajabb Duravision Gold r\u00e9tegnek k\u00f6sz\u00f6nhet\u0151en pedig rendk\u00edv\u00fcl tart\u00f3s \u00e9s k\u00f6nnyen tiszt\u00edthat\u00f3.\ud83d\udcbb Sokat dolgozol?\u2705 \u00c9ppen ez\u00e9rt a m\u00e1sodik, irodai munkaszem\u00fcveglencs\u00e9t -60% kedvezm\u00e9nnyel adjuk!Ez a lencse nemcsak olvas\u00e1shoz \u00e9s k\u00e9perny\u0151haszn\u00e1lathoz, hanem belt\u00e9ri nagyobb t\u00e1vols\u00e1gokra is krist\u00e1lytiszta l\u00e1t\u00e1st biztos\u00edt a sz\u00e1modra!Ezzel az 1+1 akci\u00f3val t\u00e9nyleg \u00f6r\u00f6kre b\u00facs\u00fat mondhatsz:\u274c Nyak- \u00e9s fejf\u00e1j\u00e1snak\u274c K\u00e9nyelmetlen, gerincet terhel\u0151 testtart\u00e1snak\u274c \u00c1lland\u00f3 szem\u00fcvegcser\u00e9lget\u00e9snek\u274c Hom\u00e1lyos l\u00e1t\u00e1snak, hunyorg\u00e1snak\ud83d\udca1 Mert v\u00e9gre minden helyzetre lesz egy t\u00f6k\u00e9letes szem\u00fcveged: a mindennapokra \u00e9s a munk\u00e1hoz is!\u2757De itt m\u00e9g nem \u00e1llunk meg! \u2757Ha most ig\u00e9nybe veszed az 1+1 akci\u00f3t akkor b\u00f3nuszk\u00e9nt adunk neked egy d\u00edjmentes, teljesk\u00f6r\u0171 pr\u00e9mium 3D l\u00e1t\u00e1svizsg\u00e1latot! \u2757\u00c9s ez m\u00e9g mindig nem minden! \u2757\u2b50 A kamp\u00e1ny ideje alatt a 3D l\u00e1t\u00e1svizsg\u00e1lat -50% kedvezm\u00e9nnyel vehet\u0151 ig\u00e9nybe, az 1+1 akci\u00f3t\u00f3l f\u00fcggetlen\u00fcl! \ud83d\udc49 K\u00e9rj id\u0151pontot m\u00e9g ma, \u00e9s tapasztald meg a k\u00fcl\u00f6nbs\u00e9get!","robots":{"index":"index","follow":"follow","max-snippet":"max-snippet:-1","max-image-preview":"max-image-preview:large","max-video-preview":"max-video-preview:-1"},"canonical":"https:\/\/optikapolgar.hu\/en\/latas-honapja-2025\/","og_locale":"en_GB","og_type":"article","og_title":"L\u00e1t\u00e1s H\u00f3napja 2025.","og_description":"Te is szem\u00fcveges vagy? Akkor pontosan tudod, milyen az, amikor\u2026\ud83d\udc49 \u00c1lland\u00f3an cser\u00e9lgetned kell a szem\u00fcveged, \u00e9s valahogy egyik sem az igazi.\ud83d\udc49 Sz\u00f6rny\u0171 \u00e9rz\u00e9s, ahogy t\u00f6nkreteszi a nyakad a monitor el\u0151tti d\u0151l\u00f6ng\u00e9l\u00e9s.\ud83d\udc49 Meg\u00e1ll\u00e1s n\u00e9lk\u00fcl f\u00e1j a fejed, \u00e9s folyamatosan hunyorognod kell.\ud83d\udc49 F\u00e1radt szemekkel m\u00e1r sehogy sem l\u00e1tsz tiszt\u00e1n, vezet\u00e9s k\u00f6zben pedig bizonytalannak \u00e9rzed magad.\u2728 J\u00f3 h\u00edr\u00fcnk van a sz\u00e1modra! \u2728Az 1+1 lencse aj\u00e1nlatunkkal minden \u00e9lethelyzetre felk\u00e9sz\u00edtj\u00fck a szemedet, hogy ne kelljen t\u00f6bb kompromisszumot k\u00f6tn\u00f6d!\u2705 A pr\u00e9mium multifok\u00e1lis lencs\u00e9nkkel szuper\u00e9les \u00e9s tehermentes l\u00e1t\u00e1st biztos\u00edtunk minden t\u00e1vols\u00e1gra!A lencse pr\u00e9mium fel\u00fcletkezel\u00e9ssel k\u00e9sz\u00fcl, k\u00e9kf\u00e9nysz\u0171r\u00e9st \u00e9s UV-v\u00e9delmet tartalmaz, a leg\u00fajabb Duravision Gold r\u00e9tegnek k\u00f6sz\u00f6nhet\u0151en pedig rendk\u00edv\u00fcl tart\u00f3s \u00e9s k\u00f6nnyen tiszt\u00edthat\u00f3.\ud83d\udcbb Sokat dolgozol?\u2705 \u00c9ppen ez\u00e9rt a m\u00e1sodik, irodai munkaszem\u00fcveglencs\u00e9t -60% kedvezm\u00e9nnyel adjuk!Ez a lencse nemcsak olvas\u00e1shoz \u00e9s k\u00e9perny\u0151haszn\u00e1lathoz, hanem belt\u00e9ri nagyobb t\u00e1vols\u00e1gokra is krist\u00e1lytiszta l\u00e1t\u00e1st biztos\u00edt a sz\u00e1modra!Ezzel az 1+1 akci\u00f3val t\u00e9nyleg \u00f6r\u00f6kre b\u00facs\u00fat mondhatsz:\u274c Nyak- \u00e9s fejf\u00e1j\u00e1snak\u274c K\u00e9nyelmetlen, gerincet terhel\u0151 testtart\u00e1snak\u274c \u00c1lland\u00f3 szem\u00fcvegcser\u00e9lget\u00e9snek\u274c Hom\u00e1lyos l\u00e1t\u00e1snak, hunyorg\u00e1snak\ud83d\udca1 Mert v\u00e9gre minden helyzetre lesz egy t\u00f6k\u00e9letes szem\u00fcveged: a mindennapokra \u00e9s a munk\u00e1hoz is!\u2757De itt m\u00e9g nem \u00e1llunk meg! \u2757Ha most ig\u00e9nybe veszed az 1+1 akci\u00f3t akkor b\u00f3nuszk\u00e9nt adunk neked egy d\u00edjmentes, teljesk\u00f6r\u0171 pr\u00e9mium 3D l\u00e1t\u00e1svizsg\u00e1latot! \u2757\u00c9s ez m\u00e9g mindig nem minden! \u2757\u2b50 A kamp\u00e1ny ideje alatt a 3D l\u00e1t\u00e1svizsg\u00e1lat -50% kedvezm\u00e9nnyel vehet\u0151 ig\u00e9nybe, az 1+1 akci\u00f3t\u00f3l f\u00fcggetlen\u00fcl! \ud83d\udc49 K\u00e9rj id\u0151pontot m\u00e9g ma, \u00e9s tapasztald meg a k\u00fcl\u00f6nbs\u00e9get!","og_url":"https:\/\/optikapolgar.hu\/en\/latas-honapja-2025\/","og_site_name":"Polg\u00e1r Optika - L\u00e1t\u00e1sgondoz\u00e1s Szalon","article_publisher":"https:\/\/www.facebook.com\/polgaroptika","article_published_time":"2025-10-01T11:01:52+00:00","article_modified_time":"2025-10-01T11:06:18+00:00","og_image":[{"width":800,"height":400,"url":"https:\/\/optikapolgar.hu\/wp-content\/uploads\/2024\/09\/kreuzetnia-akcija.jpg","type":"image\/jpeg"}],"author":"Polg\u00e1r No\u00e9mi","twitter_card":"summary_large_image","twitter_misc":{"Written by":"Polg\u00e1r No\u00e9mi","Estimated reading time":"2 minutes"},"schema":{"@context":"https:\/\/schema.org","@graph":[{"@type":"Article","@id":"https:\/\/optikapolgar.hu\/latas-honapja-2025\/#article","isPartOf":{"@id":"https:\/\/optikapolgar.hu\/latas-honapja-2025\/"},"author":{"name":"Polg\u00e1r No\u00e9mi","@id":"https:\/\/optikapolgar.hu\/#\/schema\/person\/b1a7a97c2de15e63236abb7dbecf491b"},"headline":"L\u00e1t\u00e1s H\u00f3napja 2025.","datePublished":"2025-10-01T11:01:52+00:00","dateModified":"2025-10-01T11:06:18+00:00","mainEntityOfPage":{"@id":"https:\/\/optikapolgar.hu\/latas-honapja-2025\/"},"wordCount":354,"publisher":{"@id":"https:\/\/optikapolgar.hu\/#organization"},"image":{"@id":"https:\/\/optikapolgar.hu\/latas-honapja-2025\/#primaryimage"},"thumbnailUrl":"https:\/\/optikapolgar.hu\/wp-content\/uploads\/2024\/09\/kreuzetnia-akcija.jpg","keywords":["optika","szem\u00fcveg","szem\u00fcveglencse"],"articleSection":["Egy\u00e9b kateg\u00f3ria"],"inLanguage":"en-GB"},{"@type":"WebPage","@id":"https:\/\/optikapolgar.hu\/latas-honapja-2025\/","url":"https:\/\/optikapolgar.hu\/latas-honapja-2025\/","name":"L\u00e1t\u00e1s H\u00f3napja 2025. - Polg\u00e1r Optika - L\u00e1t\u00e1sgondoz\u00e1s Szalon","isPartOf":{"@id":"https:\/\/optikapolgar.hu\/#website"},"primaryImageOfPage":{"@id":"https:\/\/optikapolgar.hu\/latas-honapja-2025\/#primaryimage"},"image":{"@id":"https:\/\/optikapolgar.hu\/latas-honapja-2025\/#primaryimage"},"thumbnailUrl":"https:\/\/optikapolgar.hu\/wp-content\/uploads\/2024\/09\/kreuzetnia-akcija.jpg","datePublished":"2025-10-01T11:01:52+00:00","dateModified":"2025-10-01T11:06:18+00:00","description":"Te is szem\u00fcveges vagy? Akkor pontosan tudod, milyen az, amikor\u2026\ud83d\udc49 \u00c1lland\u00f3an cser\u00e9lgetned kell a szem\u00fcveged, \u00e9s valahogy egyik sem az igazi.\ud83d\udc49 Sz\u00f6rny\u0171 \u00e9rz\u00e9s, ahogy t\u00f6nkreteszi a nyakad a monitor el\u0151tti d\u0151l\u00f6ng\u00e9l\u00e9s.\ud83d\udc49 Meg\u00e1ll\u00e1s n\u00e9lk\u00fcl f\u00e1j a fejed, \u00e9s folyamatosan hunyorognod kell.\ud83d\udc49 F\u00e1radt szemekkel m\u00e1r sehogy sem l\u00e1tsz tiszt\u00e1n, vezet\u00e9s k\u00f6zben pedig bizonytalannak \u00e9rzed magad.\u2728 J\u00f3 h\u00edr\u00fcnk van a sz\u00e1modra! \u2728Az 1+1 lencse aj\u00e1nlatunkkal minden \u00e9lethelyzetre felk\u00e9sz\u00edtj\u00fck a szemedet, hogy ne kelljen t\u00f6bb kompromisszumot k\u00f6tn\u00f6d!\u2705 A pr\u00e9mium multifok\u00e1lis lencs\u00e9nkkel szuper\u00e9les \u00e9s tehermentes l\u00e1t\u00e1st biztos\u00edtunk minden t\u00e1vols\u00e1gra!A lencse pr\u00e9mium fel\u00fcletkezel\u00e9ssel k\u00e9sz\u00fcl, k\u00e9kf\u00e9nysz\u0171r\u00e9st \u00e9s UV-v\u00e9delmet tartalmaz, a leg\u00fajabb Duravision Gold r\u00e9tegnek k\u00f6sz\u00f6nhet\u0151en pedig rendk\u00edv\u00fcl tart\u00f3s \u00e9s k\u00f6nnyen tiszt\u00edthat\u00f3.\ud83d\udcbb Sokat dolgozol?\u2705 \u00c9ppen ez\u00e9rt a m\u00e1sodik, irodai munkaszem\u00fcveglencs\u00e9t -60% kedvezm\u00e9nnyel adjuk!Ez a lencse nemcsak olvas\u00e1shoz \u00e9s k\u00e9perny\u0151haszn\u00e1lathoz, hanem belt\u00e9ri nagyobb t\u00e1vols\u00e1gokra is krist\u00e1lytiszta l\u00e1t\u00e1st biztos\u00edt a sz\u00e1modra!Ezzel az 1+1 akci\u00f3val t\u00e9nyleg \u00f6r\u00f6kre b\u00facs\u00fat mondhatsz:\u274c Nyak- \u00e9s fejf\u00e1j\u00e1snak\u274c K\u00e9nyelmetlen, gerincet terhel\u0151 testtart\u00e1snak\u274c \u00c1lland\u00f3 szem\u00fcvegcser\u00e9lget\u00e9snek\u274c Hom\u00e1lyos l\u00e1t\u00e1snak, hunyorg\u00e1snak\ud83d\udca1 Mert v\u00e9gre minden helyzetre lesz egy t\u00f6k\u00e9letes szem\u00fcveged: a mindennapokra \u00e9s a munk\u00e1hoz is!\u2757De itt m\u00e9g nem \u00e1llunk meg! \u2757Ha most ig\u00e9nybe veszed az 1+1 akci\u00f3t akkor b\u00f3nuszk\u00e9nt adunk neked egy d\u00edjmentes, teljesk\u00f6r\u0171 pr\u00e9mium 3D l\u00e1t\u00e1svizsg\u00e1latot! \u2757\u00c9s ez m\u00e9g mindig nem minden! \u2757\u2b50 A kamp\u00e1ny ideje alatt a 3D l\u00e1t\u00e1svizsg\u00e1lat -50% kedvezm\u00e9nnyel vehet\u0151 ig\u00e9nybe, az 1+1 akci\u00f3t\u00f3l f\u00fcggetlen\u00fcl! \ud83d\udc49 K\u00e9rj id\u0151pontot m\u00e9g ma, \u00e9s tapasztald meg a k\u00fcl\u00f6nbs\u00e9get!","breadcrumb":{"@id":"https:\/\/optikapolgar.hu\/latas-honapja-2025\/#breadcrumb"},"inLanguage":"en-GB","potentialAction":[{"@type":"ReadAction","target":["https:\/\/optikapolgar.hu\/latas-honapja-2025\/"]}]},{"@type":"ImageObject","inLanguage":"en-GB","@id":"https:\/\/optikapolgar.hu\/latas-honapja-2025\/#primaryimage","url":"https:\/\/optikapolgar.hu\/wp-content\/uploads\/2024\/09\/kreuzetnia-akcija.jpg","contentUrl":"https:\/\/optikapolgar.hu\/wp-content\/uploads\/2024\/09\/kreuzetnia-akcija.jpg","width":800,"height":400,"caption":"AKCI\u00d3!"},{"@type":"BreadcrumbList","@id":"https:\/\/optikapolgar.hu\/latas-honapja-2025\/#breadcrumb","itemListElement":[{"@type":"ListItem","position":1,"name":"Home","item":"https:\/\/optikapolgar.hu\/"},{"@type":"ListItem","position":2,"name":"L\u00e1t\u00e1s H\u00f3napja 2025."}]},{"@type":"WebSite","@id":"https:\/\/optikapolgar.hu\/#website","url":"https:\/\/optikapolgar.hu\/","name":"Polg\u00e1r Optika - L\u00e1t\u00e1sgondoz\u00e1s Szalon","description":"Polgar Optics","publisher":{"@id":"https:\/\/optikapolgar.hu\/#organization"},"potentialAction":[{"@type":"SearchAction","target":{"@type":"EntryPoint","urlTemplate":"https:\/\/optikapolgar.hu\/?s={search_term_string}"},"query-input":{"@type":"PropertyValueSpecification","valueRequired":true,"valueName":"search_term_string"}}],"inLanguage":"en-GB"},{"@type":"Organization","@id":"https:\/\/optikapolgar.hu\/#organization","name":"Polg\u00e1r Optika - L\u00e1t\u00e1sgondoz\u00e1s Szalon","url":"https:\/\/optikapolgar.hu\/","logo":{"@type":"ImageObject","inLanguage":"en-GB","@id":"https:\/\/optikapolgar.hu\/#\/schema\/logo\/image\/","url":"https:\/\/optikapolgar.hu\/wp-content\/uploads\/2022\/06\/PolgarOptika_logo_arany.svg","contentUrl":"https:\/\/optikapolgar.hu\/wp-content\/uploads\/2022\/06\/PolgarOptika_logo_arany.svg","width":206,"height":208,"caption":"Polg\u00e1r Optika - L\u00e1t\u00e1sgondoz\u00e1s Szalon"},"image":{"@id":"https:\/\/optikapolgar.hu\/#\/schema\/logo\/image\/"},"sameAs":["https:\/\/www.facebook.com\/polgaroptika","https:\/\/instagram.com\/polgar_optika?igshid=YmMyMTA2M2Y="]},{"@type":"Person","@id":"https:\/\/optikapolgar.hu\/#\/schema\/person\/b1a7a97c2de15e63236abb7dbecf491b","name":"No\u00e9mi Polg\u00e1r","image":{"@type":"ImageObject","inLanguage":"en-GB","@id":"https:\/\/secure.gravatar.com\/avatar\/93726456d4745031f2d16af6191b6c7da6fdaf0b2cb6688943c665afd9b6ab27?s=96&d=mm&r=g","url":"https:\/\/secure.gravatar.com\/avatar\/93726456d4745031f2d16af6191b6c7da6fdaf0b2cb6688943c665afd9b6ab27?s=96&d=mm&r=g","contentUrl":"https:\/\/secure.gravatar.com\/avatar\/93726456d4745031f2d16af6191b6c7da6fdaf0b2cb6688943c665afd9b6ab27?s=96&d=mm&r=g","caption":"Polg\u00e1r No\u00e9mi"}}]}},"_links":{"self":[{"href":"https:\/\/optikapolgar.hu\/en\/wp-json\/wp\/v2\/posts\/3133","targetHints":{"allow":["GET"]}}],"collection":[{"href":"https:\/\/optikapolgar.hu\/en\/wp-json\/wp\/v2\/posts"}],"about":[{"href":"https:\/\/optikapolgar.hu\/en\/wp-json\/wp\/v2\/types\/post"}],"author":[{"embeddable":true,"href":"https:\/\/optikapolgar.hu\/en\/wp-json\/wp\/v2\/users\/3"}],"replies":[{"embeddable":true,"href":"https:\/\/optikapolgar.hu\/en\/wp-json\/wp\/v2\/comments?post=3133"}],"version-history":[{"count":1,"href":"https:\/\/optikapolgar.hu\/en\/wp-json\/wp\/v2\/posts\/3133\/revisions"}],"predecessor-version":[{"id":3134,"href":"https:\/\/optikapolgar.hu\/en\/wp-json\/wp\/v2\/posts\/3133\/revisions\/3134"}],"wp:featuredmedia":[{"embeddable":true,"href":"https:\/\/optikapolgar.hu\/en\/wp-json\/wp\/v2\/media\/2771"}],"wp:attachment":[{"href":"https:\/\/optikapolgar.hu\/en\/wp-json\/wp\/v2\/media?parent=3133"}],"wp:term":[{"taxonomy":"category","embeddable":true,"href":"https:\/\/optikapolgar.hu\/en\/wp-json\/wp\/v2\/categories?post=3133"},{"taxonomy":"post_tag","embeddable":true,"href":"https:\/\/optikapolgar.hu\/en\/wp-json\/wp\/v2\/tags?post=3133"}],"curies":[{"name":"wp","href":"https:\/\/api.w.org\/{rel}","templated":true}]}}