{"id":317,"date":"2022-04-22T13:19:46","date_gmt":"2022-04-22T13:19:46","guid":{"rendered":"https:\/\/optikapolgar.hu\/?p=317"},"modified":"2025-02-04T10:55:45","modified_gmt":"2025-02-04T09:55:45","slug":"vitamins","status":"publish","type":"post","link":"https:\/\/optikapolgar.hu\/en\/vitaminok\/","title":{"rendered":"Vitamins"},"content":{"rendered":"<p>Fogadj\u00e1tok szeretettel Edit koll\u00e9gan\u0151nk remek \u00edr\u00e1s\u00e1t a vitaminokr\u00f3l, \u00e9s a hozz\u00e1juk f\u0171z\u0151d\u0151 viszony\u00e1r\u00f3l!:)<\/p>\n\n\n\n<p>K\u00edgy\u00f3nak l\u00e1bs\u00f3, avagy orrba-sz\u00e1jba-f\u00fclre-szemre<br><br>Vitaminok. Maga a sz\u00f3 felt\u00f6lt \u00e9leter\u0151vel, nem? Benne cseng maga az eg\u00e9szs\u00e9g, f\u0151leg amikor naponta 128 helyr\u0151l tolj\u00e1k r\u00e1nk az inf\u00f3t, hogyha megveszed az extra kiszerel\u00e9s\u0171 szupergiga adag X\u00b3vitamint, akkor visszan\u0151 nemhogy a hajad, de a leesett k\u00f6rm\u00f6d, uram bocs\u00e1&#8217; m\u00e9g a l\u00e1bad is.<br><br>T\u00e9nyleg csak engem zavarna az \u00f6r\u00f6k \u00e9let \u00edg\u00e9rete?<br><br>Szeretj\u00fck a vitaminokat. Az A -t\u00f3l p\u00e9ld\u00e1ul sz\u00e9p a b\u0151r\u00fcnk, a C-t\u0151l gyorsabb a regener\u00e1l\u00f3d\u00e1s, a K-t\u00f3l gyorsan, \u00fctemesen alvad a v\u00e9r\u00fcnk, a B komplex szaga t\u00e1vol tartja a fr\u00e1nya sz\u00fanyogokat, hogy csak n\u00e9h\u00e1nyat eml\u00edtsek a k\u00f6zismert j\u00f3t\u00e9kony hat\u00e1sokb\u00f3l. A j\u00e1rv\u00e1ny ideje alatt a be is dob\u00e1ltunk tetemes mennyis\u00e9g\u0171, f\u0151leg C \u00e9s D vitamin tablett\u00e1t, mert azt tan\u00e1csolt\u00e1k, ezek szed\u00e9se seg\u00edt k\u00e9szenl\u00e9tben tartani az immunrendszer\u00fcnket. Az\u00e1m, de ha be\u00fct a krach \u00e9s led\u00f6nt az influenza a l\u00e1bunkr\u00f3l, akkor ezek a k\u00e9sz\u00edtm\u00e9nyek nem elegend\u0151ek, mert nem az a dolguk. Nem tudnak csod\u00e1t tenni.<br><br>A minap belefutottam (-tunk, a szakma j\u00f3 r\u00e9sze olvasta a bejegyz\u00e9st) egy olyan term\u00e9krekl\u00e1mba, ami egy vitamin hat\u00e1s\u00e1nak tulajdon\u00edtotta a l\u00e1t\u00e1s\u00e1nak a javul\u00e1s\u00e1t. Eloszlatom a t\u00e9vhitet: ez nem lehets\u00e9ges. A dioptri\u00e1ink sz\u00e1ma nem tud v\u00e1ltozni \u00e9trend kieg\u00e9sz\u00edt\u0151k fogyaszt\u00e1s\u00e1val. Ez \u00f6n\u00e1ltat\u00e1s \u00e9s f\u00e9lrevezet\u00e9s, ami ha sz\u00e1nd\u00e9kos &#8211; ne is taglaljuk.<br><br>A vitaminok elengedhetetlenek a test\u00fcnk kiegyens\u00falyozott m\u0171k\u00f6d\u00e9s\u00e9hez. A v\u00e1rosi \u00e9letm\u00f3d, rohan\u00e1s sokszor nem seg\u00edt abban, hogy \u00fagynevezett teljes \u00e9tkez\u00e9st folytassunk. N\u00e9ha bizony r\u00e1szorulunk arra, hogy egy gyorskaj\u00e1t dobjunk be. Sok olyan nap is el\u0151fordul, amikor ott ragadunk az irod\u00e1ban, vagy az aut\u00f3ban \u00e9s a friss leveg\u0151, s\u00e9ta esetenk\u00e9nt m\u00e9g h\u00e9tv\u00e9genk\u00e9nt is luxusnak t\u0171nik. Ez nehez\u00edtett p\u00e1lya mindenkinek, \u00e9s n\u00e9ha bizony j\u00f3l j\u00f6n egy multivitamin bogy\u00f3 form\u00e1j\u00e1ban a t\u00e1mogat\u00e1s, ami seg\u00edt jobban \u00e9rezni magunkat a b\u0151r\u00fcnkben \u2013 a j\u00f3t\u00e9kony \u00e9lettani hat\u00e1sai mellett az\u00e9rt, mert legal\u00e1bb ennyit megtett\u00fcnk magunk\u00e9rt.<br><br>Nem szeretn\u00e9nk \u00e1tmenni \u00e9letm\u00f3d tan\u00e1csad\u00f3ba, mert nem vagyok az! A v\u00e1laszt\u00e1saink \u00e9s kialak\u00edtott szok\u00e1saink felelnek az \u00e9letmin\u0151s\u00e9g\u00fcnk\u00e9rt. Ide vonatkozik az is \u2013 most l\u00e9p k\u00e9pbe pl az Optometrist\u00e1d &#8211; amikor \u00fagy d\u00f6nt\u00fcnk, nem d\u0151l\u00f6k be els\u0151 k\u00f6rben a rekl\u00e1moknak, hanem r\u00e1b\u00edzom magam a szakember tan\u00e1cs\u00e1ra.<\/p>","protected":false},"excerpt":{"rendered":"<p>Fogadj\u00e1tok szeretettel Edit koll\u00e9gan\u0151nk remek \u00edr\u00e1s\u00e1t a vitaminokr\u00f3l, \u00e9s a hozz\u00e1juk f\u0171z\u0151d\u0151 viszony\u00e1r\u00f3l!:)<\/p>","protected":false},"author":3,"featured_media":1587,"comment_status":"closed","ping_status":"open","sticky":false,"template":"","format":"standard","meta":{"footnotes":""},"categories":[1],"tags":[14],"class_list":["post-317","post","type-post","status-publish","format-standard","has-post-thumbnail","hentry","category-egyeb","tag-optika"],"yoast_head":"<!-- This site is optimized with the Yoast SEO Premium plugin v27.2 (Yoast SEO v27.3) - https:\/\/yoast.com\/product\/yoast-seo-premium-wordpress\/ -->\n<title>Vitaminok - Polg\u00e1r Optika - L\u00e1t\u00e1sgondoz\u00e1s Szalon<\/title>\n<meta name=\"robots\" content=\"index, follow, max-snippet:-1, max-image-preview:large, max-video-preview:-1\" \/>\n<link rel=\"canonical\" href=\"https:\/\/optikapolgar.hu\/en\/vitamins\/\" \/>\n<meta property=\"og:locale\" content=\"en_GB\" \/>\n<meta property=\"og:type\" content=\"article\" \/>\n<meta property=\"og:title\" content=\"Vitaminok\" \/>\n<meta property=\"og:description\" content=\"Fogadj\u00e1tok szeretettel Edit koll\u00e9gan\u0151nk remek \u00edr\u00e1s\u00e1t a vitaminokr\u00f3l, \u00e9s a hozz\u00e1juk f\u0171z\u0151d\u0151 viszony\u00e1r\u00f3l!:)\" \/>\n<meta property=\"og:url\" content=\"https:\/\/optikapolgar.hu\/en\/vitamins\/\" \/>\n<meta property=\"og:site_name\" content=\"Polg\u00e1r Optika - L\u00e1t\u00e1sgondoz\u00e1s Szalon\" \/>\n<meta property=\"article:publisher\" content=\"https:\/\/www.facebook.com\/polgaroptika\" \/>\n<meta property=\"article:published_time\" content=\"2022-04-22T13:19:46+00:00\" \/>\n<meta property=\"article:modified_time\" content=\"2025-02-04T09:55:45+00:00\" \/>\n<meta property=\"og:image\" content=\"https:\/\/optikapolgar.hu\/wp-content\/uploads\/2022\/10\/vitaminok.jpg\" \/>\n\t<meta property=\"og:image:width\" content=\"891\" \/>\n\t<meta property=\"og:image:height\" content=\"498\" \/>\n\t<meta property=\"og:image:type\" content=\"image\/jpeg\" \/>\n<meta name=\"author\" content=\"Polg\u00e1r No\u00e9mi\" \/>\n<meta name=\"twitter:card\" content=\"summary_large_image\" \/>\n<meta name=\"twitter:label1\" content=\"Written by\" \/>\n\t<meta name=\"twitter:data1\" content=\"Polg\u00e1r No\u00e9mi\" \/>\n\t<meta name=\"twitter:label2\" content=\"Estimated reading time\" \/>\n\t<meta name=\"twitter:data2\" content=\"3 minutes\" \/>\n<script type=\"application\/ld+json\" class=\"yoast-schema-graph\">{\"@context\":\"https:\\\/\\\/schema.org\",\"@graph\":[{\"@type\":\"Article\",\"@id\":\"https:\\\/\\\/optikapolgar.hu\\\/vitaminok\\\/#article\",\"isPartOf\":{\"@id\":\"https:\\\/\\\/optikapolgar.hu\\\/vitaminok\\\/\"},\"author\":{\"name\":\"Polg\u00e1r No\u00e9mi\",\"@id\":\"https:\\\/\\\/optikapolgar.hu\\\/#\\\/schema\\\/person\\\/b1a7a97c2de15e63236abb7dbecf491b\"},\"headline\":\"Vitaminok\",\"datePublished\":\"2022-04-22T13:19:46+00:00\",\"dateModified\":\"2025-02-04T09:55:45+00:00\",\"mainEntityOfPage\":{\"@id\":\"https:\\\/\\\/optikapolgar.hu\\\/vitaminok\\\/\"},\"wordCount\":518,\"publisher\":{\"@id\":\"https:\\\/\\\/optikapolgar.hu\\\/#organization\"},\"image\":{\"@id\":\"https:\\\/\\\/optikapolgar.hu\\\/vitaminok\\\/#primaryimage\"},\"thumbnailUrl\":\"https:\\\/\\\/optikapolgar.hu\\\/wp-content\\\/uploads\\\/2022\\\/10\\\/vitaminok.jpg\",\"keywords\":[\"optika\"],\"articleSection\":[\"Egy\u00e9b kateg\u00f3ria\"],\"inLanguage\":\"en-GB\"},{\"@type\":\"WebPage\",\"@id\":\"https:\\\/\\\/optikapolgar.hu\\\/vitaminok\\\/\",\"url\":\"https:\\\/\\\/optikapolgar.hu\\\/vitaminok\\\/\",\"name\":\"Vitaminok - Polg\u00e1r Optika - L\u00e1t\u00e1sgondoz\u00e1s Szalon\",\"isPartOf\":{\"@id\":\"https:\\\/\\\/optikapolgar.hu\\\/#website\"},\"primaryImageOfPage\":{\"@id\":\"https:\\\/\\\/optikapolgar.hu\\\/vitaminok\\\/#primaryimage\"},\"image\":{\"@id\":\"https:\\\/\\\/optikapolgar.hu\\\/vitaminok\\\/#primaryimage\"},\"thumbnailUrl\":\"https:\\\/\\\/optikapolgar.hu\\\/wp-content\\\/uploads\\\/2022\\\/10\\\/vitaminok.jpg\",\"datePublished\":\"2022-04-22T13:19:46+00:00\",\"dateModified\":\"2025-02-04T09:55:45+00:00\",\"breadcrumb\":{\"@id\":\"https:\\\/\\\/optikapolgar.hu\\\/vitaminok\\\/#breadcrumb\"},\"inLanguage\":\"en-GB\",\"potentialAction\":[{\"@type\":\"ReadAction\",\"target\":[\"https:\\\/\\\/optikapolgar.hu\\\/vitaminok\\\/\"]}]},{\"@type\":\"ImageObject\",\"inLanguage\":\"en-GB\",\"@id\":\"https:\\\/\\\/optikapolgar.hu\\\/vitaminok\\\/#primaryimage\",\"url\":\"https:\\\/\\\/optikapolgar.hu\\\/wp-content\\\/uploads\\\/2022\\\/10\\\/vitaminok.jpg\",\"contentUrl\":\"https:\\\/\\\/optikapolgar.hu\\\/wp-content\\\/uploads\\\/2022\\\/10\\\/vitaminok.jpg\",\"width\":891,\"height\":498,\"caption\":\"vitaminok\"},{\"@type\":\"BreadcrumbList\",\"@id\":\"https:\\\/\\\/optikapolgar.hu\\\/vitaminok\\\/#breadcrumb\",\"itemListElement\":[{\"@type\":\"ListItem\",\"position\":1,\"name\":\"Home\",\"item\":\"https:\\\/\\\/optikapolgar.hu\\\/\"},{\"@type\":\"ListItem\",\"position\":2,\"name\":\"Vitaminok\"}]},{\"@type\":\"WebSite\",\"@id\":\"https:\\\/\\\/optikapolgar.hu\\\/#website\",\"url\":\"https:\\\/\\\/optikapolgar.hu\\\/\",\"name\":\"Polg\u00e1r Optika - L\u00e1t\u00e1sgondoz\u00e1s Szalon\",\"description\":\"Polg\u00e1r Optika\",\"publisher\":{\"@id\":\"https:\\\/\\\/optikapolgar.hu\\\/#organization\"},\"potentialAction\":[{\"@type\":\"SearchAction\",\"target\":{\"@type\":\"EntryPoint\",\"urlTemplate\":\"https:\\\/\\\/optikapolgar.hu\\\/?s={search_term_string}\"},\"query-input\":{\"@type\":\"PropertyValueSpecification\",\"valueRequired\":true,\"valueName\":\"search_term_string\"}}],\"inLanguage\":\"en-GB\"},{\"@type\":\"Organization\",\"@id\":\"https:\\\/\\\/optikapolgar.hu\\\/#organization\",\"name\":\"Polg\u00e1r Optika - L\u00e1t\u00e1sgondoz\u00e1s Szalon\",\"url\":\"https:\\\/\\\/optikapolgar.hu\\\/\",\"logo\":{\"@type\":\"ImageObject\",\"inLanguage\":\"en-GB\",\"@id\":\"https:\\\/\\\/optikapolgar.hu\\\/#\\\/schema\\\/logo\\\/image\\\/\",\"url\":\"https:\\\/\\\/optikapolgar.hu\\\/wp-content\\\/uploads\\\/2022\\\/06\\\/PolgarOptika_logo_arany.svg\",\"contentUrl\":\"https:\\\/\\\/optikapolgar.hu\\\/wp-content\\\/uploads\\\/2022\\\/06\\\/PolgarOptika_logo_arany.svg\",\"width\":206,\"height\":208,\"caption\":\"Polg\u00e1r Optika - L\u00e1t\u00e1sgondoz\u00e1s Szalon\"},\"image\":{\"@id\":\"https:\\\/\\\/optikapolgar.hu\\\/#\\\/schema\\\/logo\\\/image\\\/\"},\"sameAs\":[\"https:\\\/\\\/www.facebook.com\\\/polgaroptika\",\"https:\\\/\\\/instagram.com\\\/polgar_optika?igshid=YmMyMTA2M2Y=\"]},{\"@type\":\"Person\",\"@id\":\"https:\\\/\\\/optikapolgar.hu\\\/#\\\/schema\\\/person\\\/b1a7a97c2de15e63236abb7dbecf491b\",\"name\":\"Polg\u00e1r No\u00e9mi\",\"image\":{\"@type\":\"ImageObject\",\"inLanguage\":\"en-GB\",\"@id\":\"https:\\\/\\\/secure.gravatar.com\\\/avatar\\\/93726456d4745031f2d16af6191b6c7da6fdaf0b2cb6688943c665afd9b6ab27?s=96&d=mm&r=g\",\"url\":\"https:\\\/\\\/secure.gravatar.com\\\/avatar\\\/93726456d4745031f2d16af6191b6c7da6fdaf0b2cb6688943c665afd9b6ab27?s=96&d=mm&r=g\",\"contentUrl\":\"https:\\\/\\\/secure.gravatar.com\\\/avatar\\\/93726456d4745031f2d16af6191b6c7da6fdaf0b2cb6688943c665afd9b6ab27?s=96&d=mm&r=g\",\"caption\":\"Polg\u00e1r No\u00e9mi\"}}]}<\/script>\n<!-- \/ Yoast SEO Premium plugin. -->","yoast_head_json":{"title":"Vitaminok - Polg\u00e1r Optika - L\u00e1t\u00e1sgondoz\u00e1s Szalon","robots":{"index":"index","follow":"follow","max-snippet":"max-snippet:-1","max-image-preview":"max-image-preview:large","max-video-preview":"max-video-preview:-1"},"canonical":"https:\/\/optikapolgar.hu\/en\/vitamins\/","og_locale":"en_GB","og_type":"article","og_title":"Vitaminok","og_description":"Fogadj\u00e1tok szeretettel Edit koll\u00e9gan\u0151nk remek \u00edr\u00e1s\u00e1t a vitaminokr\u00f3l, \u00e9s a hozz\u00e1juk f\u0171z\u0151d\u0151 viszony\u00e1r\u00f3l!:)","og_url":"https:\/\/optikapolgar.hu\/en\/vitamins\/","og_site_name":"Polg\u00e1r Optika - L\u00e1t\u00e1sgondoz\u00e1s Szalon","article_publisher":"https:\/\/www.facebook.com\/polgaroptika","article_published_time":"2022-04-22T13:19:46+00:00","article_modified_time":"2025-02-04T09:55:45+00:00","og_image":[{"width":891,"height":498,"url":"https:\/\/optikapolgar.hu\/wp-content\/uploads\/2022\/10\/vitaminok.jpg","type":"image\/jpeg"}],"author":"Polg\u00e1r No\u00e9mi","twitter_card":"summary_large_image","twitter_misc":{"Written by":"Polg\u00e1r No\u00e9mi","Estimated reading time":"3 minutes"},"schema":{"@context":"https:\/\/schema.org","@graph":[{"@type":"Article","@id":"https:\/\/optikapolgar.hu\/vitaminok\/#article","isPartOf":{"@id":"https:\/\/optikapolgar.hu\/vitaminok\/"},"author":{"name":"Polg\u00e1r No\u00e9mi","@id":"https:\/\/optikapolgar.hu\/#\/schema\/person\/b1a7a97c2de15e63236abb7dbecf491b"},"headline":"Vitaminok","datePublished":"2022-04-22T13:19:46+00:00","dateModified":"2025-02-04T09:55:45+00:00","mainEntityOfPage":{"@id":"https:\/\/optikapolgar.hu\/vitaminok\/"},"wordCount":518,"publisher":{"@id":"https:\/\/optikapolgar.hu\/#organization"},"image":{"@id":"https:\/\/optikapolgar.hu\/vitaminok\/#primaryimage"},"thumbnailUrl":"https:\/\/optikapolgar.hu\/wp-content\/uploads\/2022\/10\/vitaminok.jpg","keywords":["optika"],"articleSection":["Egy\u00e9b kateg\u00f3ria"],"inLanguage":"en-GB"},{"@type":"WebPage","@id":"https:\/\/optikapolgar.hu\/vitaminok\/","url":"https:\/\/optikapolgar.hu\/vitaminok\/","name":"Vitaminok - Polg\u00e1r Optika - L\u00e1t\u00e1sgondoz\u00e1s Szalon","isPartOf":{"@id":"https:\/\/optikapolgar.hu\/#website"},"primaryImageOfPage":{"@id":"https:\/\/optikapolgar.hu\/vitaminok\/#primaryimage"},"image":{"@id":"https:\/\/optikapolgar.hu\/vitaminok\/#primaryimage"},"thumbnailUrl":"https:\/\/optikapolgar.hu\/wp-content\/uploads\/2022\/10\/vitaminok.jpg","datePublished":"2022-04-22T13:19:46+00:00","dateModified":"2025-02-04T09:55:45+00:00","breadcrumb":{"@id":"https:\/\/optikapolgar.hu\/vitaminok\/#breadcrumb"},"inLanguage":"en-GB","potentialAction":[{"@type":"ReadAction","target":["https:\/\/optikapolgar.hu\/vitaminok\/"]}]},{"@type":"ImageObject","inLanguage":"en-GB","@id":"https:\/\/optikapolgar.hu\/vitaminok\/#primaryimage","url":"https:\/\/optikapolgar.hu\/wp-content\/uploads\/2022\/10\/vitaminok.jpg","contentUrl":"https:\/\/optikapolgar.hu\/wp-content\/uploads\/2022\/10\/vitaminok.jpg","width":891,"height":498,"caption":"vitaminok"},{"@type":"BreadcrumbList","@id":"https:\/\/optikapolgar.hu\/vitaminok\/#breadcrumb","itemListElement":[{"@type":"ListItem","position":1,"name":"Home","item":"https:\/\/optikapolgar.hu\/"},{"@type":"ListItem","position":2,"name":"Vitaminok"}]},{"@type":"WebSite","@id":"https:\/\/optikapolgar.hu\/#website","url":"https:\/\/optikapolgar.hu\/","name":"Polg\u00e1r Optika - L\u00e1t\u00e1sgondoz\u00e1s Szalon","description":"Polgar Optics","publisher":{"@id":"https:\/\/optikapolgar.hu\/#organization"},"potentialAction":[{"@type":"SearchAction","target":{"@type":"EntryPoint","urlTemplate":"https:\/\/optikapolgar.hu\/?s={search_term_string}"},"query-input":{"@type":"PropertyValueSpecification","valueRequired":true,"valueName":"search_term_string"}}],"inLanguage":"en-GB"},{"@type":"Organization","@id":"https:\/\/optikapolgar.hu\/#organization","name":"Polg\u00e1r Optika - L\u00e1t\u00e1sgondoz\u00e1s Szalon","url":"https:\/\/optikapolgar.hu\/","logo":{"@type":"ImageObject","inLanguage":"en-GB","@id":"https:\/\/optikapolgar.hu\/#\/schema\/logo\/image\/","url":"https:\/\/optikapolgar.hu\/wp-content\/uploads\/2022\/06\/PolgarOptika_logo_arany.svg","contentUrl":"https:\/\/optikapolgar.hu\/wp-content\/uploads\/2022\/06\/PolgarOptika_logo_arany.svg","width":206,"height":208,"caption":"Polg\u00e1r Optika - L\u00e1t\u00e1sgondoz\u00e1s Szalon"},"image":{"@id":"https:\/\/optikapolgar.hu\/#\/schema\/logo\/image\/"},"sameAs":["https:\/\/www.facebook.com\/polgaroptika","https:\/\/instagram.com\/polgar_optika?igshid=YmMyMTA2M2Y="]},{"@type":"Person","@id":"https:\/\/optikapolgar.hu\/#\/schema\/person\/b1a7a97c2de15e63236abb7dbecf491b","name":"No\u00e9mi Polg\u00e1r","image":{"@type":"ImageObject","inLanguage":"en-GB","@id":"https:\/\/secure.gravatar.com\/avatar\/93726456d4745031f2d16af6191b6c7da6fdaf0b2cb6688943c665afd9b6ab27?s=96&d=mm&r=g","url":"https:\/\/secure.gravatar.com\/avatar\/93726456d4745031f2d16af6191b6c7da6fdaf0b2cb6688943c665afd9b6ab27?s=96&d=mm&r=g","contentUrl":"https:\/\/secure.gravatar.com\/avatar\/93726456d4745031f2d16af6191b6c7da6fdaf0b2cb6688943c665afd9b6ab27?s=96&d=mm&r=g","caption":"Polg\u00e1r No\u00e9mi"}}]}},"_links":{"self":[{"href":"https:\/\/optikapolgar.hu\/en\/wp-json\/wp\/v2\/posts\/317","targetHints":{"allow":["GET"]}}],"collection":[{"href":"https:\/\/optikapolgar.hu\/en\/wp-json\/wp\/v2\/posts"}],"about":[{"href":"https:\/\/optikapolgar.hu\/en\/wp-json\/wp\/v2\/types\/post"}],"author":[{"embeddable":true,"href":"https:\/\/optikapolgar.hu\/en\/wp-json\/wp\/v2\/users\/3"}],"replies":[{"embeddable":true,"href":"https:\/\/optikapolgar.hu\/en\/wp-json\/wp\/v2\/comments?post=317"}],"version-history":[{"count":6,"href":"https:\/\/optikapolgar.hu\/en\/wp-json\/wp\/v2\/posts\/317\/revisions"}],"predecessor-version":[{"id":1458,"href":"https:\/\/optikapolgar.hu\/en\/wp-json\/wp\/v2\/posts\/317\/revisions\/1458"}],"wp:featuredmedia":[{"embeddable":true,"href":"https:\/\/optikapolgar.hu\/en\/wp-json\/wp\/v2\/media\/1587"}],"wp:attachment":[{"href":"https:\/\/optikapolgar.hu\/en\/wp-json\/wp\/v2\/media?parent=317"}],"wp:term":[{"taxonomy":"category","embeddable":true,"href":"https:\/\/optikapolgar.hu\/en\/wp-json\/wp\/v2\/categories?post=317"},{"taxonomy":"post_tag","embeddable":true,"href":"https:\/\/optikapolgar.hu\/en\/wp-json\/wp\/v2\/tags?post=317"}],"curies":[{"name":"wp","href":"https:\/\/api.w.org\/{rel}","templated":true}]}}